{"id":49215,"date":"2025-09-22T11:02:20","date_gmt":"2025-09-22T11:02:20","guid":{"rendered":"https:\/\/defrentealaverdad.com\/?p=49215"},"modified":"2025-09-23T01:04:27","modified_gmt":"2025-09-23T01:04:27","slug":"maximo-jimenez-presenta-en-italia-su-libro-merengue-obra-periodistica-en-la-nacion","status":"publish","type":"post","link":"https:\/\/defrentealaverdad.com\/index.php\/2025\/09\/22\/maximo-jimenez-presenta-en-italia-su-libro-merengue-obra-periodistica-en-la-nacion\/","title":{"rendered":"M\u00e1ximo Jim\u00e9nez presenta en Italia su libro \u201cMerengue: Obra period\u00edstica en La Naci\u00f3n\u201d"},"content":{"rendered":"<p style=\"text-align: justify;\">Todi, Umbria (Italia).\u2014 En un evento \u00edntimo pero lleno de significado cultural, el periodista M\u00e1ximo Jim\u00e9nez present\u00f3 su m\u00e1s reciente obra, \u201cMerengue: Obra period\u00edstica en La Naci\u00f3n (1940-1965)\u201d, en la ciudad de Todi, Umbria, en Italia. La actividad tuvo lugar la noche del pasado jueves en el restaurante B\u00e1sico, un espacio que fue un punto de encuentro para celebrar la cultura latinoamericana en la regi\u00f3n. El evento cont\u00f3 con el respaldo de la C\u00e1mara de Comercio de la Rep\u00fablica Dominicana en Italia (CCRDI), presidida por la gestora cultural Nancy Polanco.<\/p>\n<p style=\"text-align: justify;\">El libro, publicado en marzo de 2025 con el apoyo de la Direcci\u00f3n General de Mecenazgo, recoge una selecci\u00f3n de cr\u00f3nicas, ensayos y art\u00edculos sobre el merengue publicados en el peri\u00f3dico La Naci\u00f3n entre 1940 y 1965. La obra pone en valor la mirada period\u00edstica de la \u00e9poca sobre el g\u00e9nero musical que ha definido buena parte de la identidad nacional dominicana.<\/p>\n<p style=\"text-align: justify;\">Durante su intervenci\u00f3n, Jim\u00e9nez destac\u00f3 la importancia de rescatar estos textos como testimonio del proceso de legitimaci\u00f3n cultural del merengue.<\/p>\n<blockquote>\n<p style=\"text-align: center;\">\u201cEste libro no solo es una recopilaci\u00f3n de textos olvidados, sino un esfuerzo por comprender c\u00f3mo los medios de comunicaci\u00f3n contribuyeron a construir un relato nacional desde el arte popular\u201d, afirm\u00f3 el autor ante un p\u00fablico diverso y tambi\u00e9n representantes de la di\u00e1spora dominicana en Italia.<\/p>\n<\/blockquote>\n<p style=\"text-align: justify;\">Nancy Polanco, presidenta de la CCRDI, celebr\u00f3 la iniciativa como un puente cultural entre la Rep\u00fablica Dominicana y Europa.<\/p>\n<blockquote>\n<p style=\"text-align: center;\">\u201cApoyar este tipo de eventos nos permite promover nuestra historia y nuestra m\u00fasica fuera de las fronteras, y reafirma el compromiso de la C\u00e1mara con la proyecci\u00f3n internacional de la cultura dominicana\u201d, expres\u00f3 Polanco en un mensaje enviado a trav\u00e9s del autor de la obra.<\/p>\n<\/blockquote>\n<p style=\"text-align: justify;\">La presentaci\u00f3n incluy\u00f3 un di\u00e1logo abierto entre Jim\u00e9nez y el p\u00fablico, en el que se abordaron temas como el papel de la prensa en la formaci\u00f3n del canon cultural, el v\u00ednculo del merengue con el poder pol\u00edtico, y los desaf\u00edos actuales del periodismo cultural.<\/p>\n<p style=\"text-align: justify;\">El evento forma parte del inicio de una gira internacional de presentaciones que llevar\u00e1 a Jim\u00e9nez por varias ciudades en el extranjero. Con esta obra, el autor reafirma su compromiso con la investigaci\u00f3n cultural y el periodismo de rescate hist\u00f3rico.<\/p>\n<p style=\"text-align: justify;\">\u201cMerengue: Obra period\u00edstica en La Naci\u00f3n (1940-1965)\u201dest\u00e1 disponible en formato f\u00edsico y digital, y es un aporte esencial para estudiosos del merengue, periodistas, historiadores y lectores interesados en las din\u00e1micas culturales del Rep\u00fablica Dominicana y el Caribe.<\/p>\n<p>Fuente: MJ Noticias<\/p>\n","protected":false},"excerpt":{"rendered":"<p>Todi, Umbria (Italia).\u2014 En un evento \u00edntimo pero lleno de significado cultural, el periodista M\u00e1ximo<\/p>\n","protected":false},"author":1,"featured_media":49216,"comment_status":"open","ping_status":"open","sticky":false,"template":"","format":"standard","meta":{"footnotes":""},"categories":[245],"tags":[],"class_list":["post-49215","post","type-post","status-publish","format-standard","has-post-thumbnail","hentry","category-cultura"],"_links":{"self":[{"href":"https:\/\/defrentealaverdad.com\/index.php\/wp-json\/wp\/v2\/posts\/49215","targetHints":{"allow":["GET"]}}],"collection":[{"href":"https:\/\/defrentealaverdad.com\/index.php\/wp-json\/wp\/v2\/posts"}],"about":[{"href":"https:\/\/defrentealaverdad.com\/index.php\/wp-json\/wp\/v2\/types\/post"}],"author":[{"embeddable":true,"href":"https:\/\/defrentealaverdad.com\/index.php\/wp-json\/wp\/v2\/users\/1"}],"replies":[{"embeddable":true,"href":"https:\/\/defrentealaverdad.com\/index.php\/wp-json\/wp\/v2\/comments?post=49215"}],"version-history":[{"count":1,"href":"https:\/\/defrentealaverdad.com\/index.php\/wp-json\/wp\/v2\/posts\/49215\/revisions"}],"predecessor-version":[{"id":49217,"href":"https:\/\/defrentealaverdad.com\/index.php\/wp-json\/wp\/v2\/posts\/49215\/revisions\/49217"}],"wp:featuredmedia":[{"embeddable":true,"href":"https:\/\/defrentealaverdad.com\/index.php\/wp-json\/wp\/v2\/media\/49216"}],"wp:attachment":[{"href":"https:\/\/defrentealaverdad.com\/index.php\/wp-json\/wp\/v2\/media?parent=49215"}],"wp:term":[{"taxonomy":"category","embeddable":true,"href":"https:\/\/defrentealaverdad.com\/index.php\/wp-json\/wp\/v2\/categories?post=49215"},{"taxonomy":"post_tag","embeddable":true,"href":"https:\/\/defrentealaverdad.com\/index.php\/wp-json\/wp\/v2\/tags?post=49215"}],"curies":[{"name":"wp","href":"https:\/\/api.w.org\/{rel}","templated":true}]}}