{"id":4917,"date":"2023-05-12T16:54:40","date_gmt":"2023-05-12T16:54:40","guid":{"rendered":"https:\/\/defrentealaverdad.com\/?p=4917"},"modified":"2023-05-12T16:55:06","modified_gmt":"2023-05-12T16:55:06","slug":"miguel-vargas-recuerda-a-pena-gomez-en-sus-diferentes-manifestaciones-y-su-legado-de-principios-y-valores","status":"publish","type":"post","link":"https:\/\/defrentealaverdad.com\/index.php\/2023\/05\/12\/miguel-vargas-recuerda-a-pena-gomez-en-sus-diferentes-manifestaciones-y-su-legado-de-principios-y-valores\/","title":{"rendered":"Miguel Vargas recuerda a Pe\u00f1a G\u00f3mez en sus diferentes manifestaciones y su legado de principios y valores"},"content":{"rendered":"<div class=\"separator\" style=\"text-align: justify;\"><a href=\"https:\/\/blogger.googleusercontent.com\/img\/b\/R29vZ2xl\/AVvXsEjB9c6kqzAYuKigxAAo7U3XJzUrTUAFmu-dH8JH3Wr0EAilA1mMoSxpi5eMNR8XUxOZRCR-7l8hMe_XiQnIOjPHH_5bEytYgi6ksh1Oxt5YHabNCkrJamAR95Zu9gsUG-y4dt7DmBBZ6osqRKMT8XFQo1p3xz6J6qPO7UFm95U4MzaDViMH8gmIdVf_HA\/s223\/images.jpeg.jpg\"><img decoding=\"async\" class=\"aligncenter lazyload\" data-src=\"https:\/\/blogger.googleusercontent.com\/img\/b\/R29vZ2xl\/AVvXsEjB9c6kqzAYuKigxAAo7U3XJzUrTUAFmu-dH8JH3Wr0EAilA1mMoSxpi5eMNR8XUxOZRCR-7l8hMe_XiQnIOjPHH_5bEytYgi6ksh1Oxt5YHabNCkrJamAR95Zu9gsUG-y4dt7DmBBZ6osqRKMT8XFQo1p3xz6J6qPO7UFm95U4MzaDViMH8gmIdVf_HA\/s1600\/images.jpeg.jpg\" width=\"149\" height=\"223\" border=\"0\" data-original-height=\"223\" data-original-width=\"149\" src=\"data:image\/svg+xml;base64,PHN2ZyB3aWR0aD0iMSIgaGVpZ2h0PSIxIiB4bWxucz0iaHR0cDovL3d3dy53My5vcmcvMjAwMC9zdmciPjwvc3ZnPg==\" style=\"--smush-placeholder-width: 149px; --smush-placeholder-aspect-ratio: 149\/223;\" \/><\/a><\/div>\n<p style=\"text-align: justify;\">Santo Domingo. \u2013 Con diferentes actos, el Partido Revolucionario Dominicano (PRD) y su presidente, el ingeniero Miguel Vargas Maldonado, conmemoraron este mi\u00e9rcoles el 25 aniversario de la partida f\u00edsica del doctor Jos\u00e9 Francisco Pe\u00f1a G\u00f3mez, de quien resaltaron sus virtudes y el alto compromiso con la naci\u00f3n.<\/p>\n<div class=\"separator\" style=\"text-align: justify;\"><a href=\"https:\/\/blogger.googleusercontent.com\/img\/b\/R29vZ2xl\/AVvXsEgCEVYff4IFmCyGrL5S4-AV8BfpPLsc7EoLMuDtCv6R_cbYkLEU2NYfJZsefvt3eordC_rOxTuWUIShgVc8WdrLgQPiaJpQXPSZtOX-1GxlHkseGoZWx4WHMwJ9fSuxE6xb7RqYt5zzn0iqYdmBPAQzcPVz8fid5kKaa7VlOKibonAzgex_2wJWGxlo2w\/s269\/images.jpeg-2.jpg\"><img decoding=\"async\" data-src=\"https:\/\/blogger.googleusercontent.com\/img\/b\/R29vZ2xl\/AVvXsEgCEVYff4IFmCyGrL5S4-AV8BfpPLsc7EoLMuDtCv6R_cbYkLEU2NYfJZsefvt3eordC_rOxTuWUIShgVc8WdrLgQPiaJpQXPSZtOX-1GxlHkseGoZWx4WHMwJ9fSuxE6xb7RqYt5zzn0iqYdmBPAQzcPVz8fid5kKaa7VlOKibonAzgex_2wJWGxlo2w\/s1600\/images.jpeg-2.jpg\" width=\"269\" height=\"188\" border=\"0\" data-original-height=\"188\" data-original-width=\"269\" src=\"data:image\/svg+xml;base64,PHN2ZyB3aWR0aD0iMSIgaGVpZ2h0PSIxIiB4bWxucz0iaHR0cDovL3d3dy53My5vcmcvMjAwMC9zdmciPjwvc3ZnPg==\" class=\"lazyload\" style=\"--smush-placeholder-width: 269px; --smush-placeholder-aspect-ratio: 269\/188;\" \/><\/a><\/div>\n<p style=\"text-align: justify;\">Al pronunciar unas palabras en la misa celebrada en la Iglesia Las Mercedes, de la Zona Colonial, Vargas record\u00f3 a Pe\u00f1a en sus diferentes manifestaciones y su legado de principios y valores.<\/p>\n<p style=\"text-align: justify;\">Se\u00f1al\u00f3 que para hablar del extinto l\u00edder es necesario hacerlo desde distintas perspectivas. Record\u00f3 sus or\u00edgenes y vasta trayectoria en la pol\u00edtica, quien \u201cvino para quedarse\u201d en el coraz\u00f3n del pueblo dominicano, gracias a una vida de luchas por la libertad y la democracia del pa\u00eds.<\/p>\n<p style=\"text-align: justify;\">En ese orden, Vargas resalt\u00f3 que Pe\u00f1a G\u00f3mez ha sido el l\u00edder de masas m\u00e1s grande de la Rep\u00fablica Dominicana, cuyo accionar trascendi\u00f3 fronteras, as\u00ed como \u201cun extraordinario ser humano, humilde, solidario, amigo y, sobre todo, con una profunda vocaci\u00f3n de servicio que refleja en la gente, especialmente, la m\u00e1s necesitada y despose\u00edda\u201d.Record\u00f3 que su liderazgo transcendi\u00f3 fronteras y que, desde la plataforma de la Internacional Socialista, contribuy\u00f3 a la libertad y la democracia de muchos pueblos de Am\u00e9rica.<\/p>\n<p style=\"text-align: justify;\">Vargas enfatiz\u00f3 que ese recinto religioso fue un refugio espiritual para Pe\u00f1a G\u00f3mez en muchas ocasiones, \u201cen la cual, en algunas de ellas, nosotros le acompa\u00f1amos\u201d, y que a\u00fan lo es para los perrede\u00edstas. Indic\u00f3 sus deseos de que esa iglesia siga siendo un espacio de meditaci\u00f3n y reflexi\u00f3n para ellos.<\/p>\n<p style=\"text-align: justify;\">\u201cDebemos sentirnos contentos porque, ciertamente, nos dej\u00f3 un legado. Quiero reiterar que el mejor homenaje que podemos hacer a nuestro querido l\u00edder, Jos\u00e9 Francisco Pe\u00f1a G\u00f3mez, es trabajar por lo que \u00e9l m\u00e1s quiso, que fue su Partido Revolucionario Dominicano, y, sobre todo, practicar lo que \u00e9l nos ense\u00f1\u00f3: principios, valores y dignidad\u201d, puntualiz\u00f3.<\/p>\n<p style=\"text-align: justify;\"><strong>Sacerdote tambi\u00e9n resalta valores de Pe\u00f1a G\u00f3mez<\/strong><\/p>\n<p style=\"text-align: justify;\">De su lado, Fray Frankeli Rodr\u00edguez G\u00f3mez, p\u00e1rroco de la Iglesia Las Mercedes, catalog\u00f3 a Pe\u00f1a G\u00f3mez como \u201cel hombre de la transici\u00f3n democr\u00e1tica del pa\u00eds\u201d.<\/p>\n<p style=\"text-align: justify;\">Destac\u00f3 que este l\u00edder hist\u00f3rico \u201cam\u00f3 profundamente\u201d a la Rep\u00fablica Dominicana, naci\u00f3n por la que dio su vida y \u201cpuso en alto la bandera tricolor\u201d a nivel internacional.Tambi\u00e9n resalt\u00f3 que, \u201cpor su formaci\u00f3n familiar y cristiana, por ser un hombre con una visi\u00f3n tan alta\u201d, Pe\u00f1a perdon\u00f3 a sus adversarios.<\/p>\n<div class=\"separator\" style=\"text-align: justify;\"><a href=\"https:\/\/blogger.googleusercontent.com\/img\/b\/R29vZ2xl\/AVvXsEjWVb_NfRwWy8y8rZ8EM68UawBxLySPa3Eymnrwocy7rdTkf3jLLeKXwSJrCMnccsWncUAp7inRoplqVkuTd8S96COb8OR_Q-Ql1WVegjo15M2OHK2NfU62qyLrTVLDzMenepr5jVrMdW5yPxXq0v_PmG3216Zsm8pr38juEeGWaKOkrPY-3juPl17YLQ\/s225\/descarga.jpeg.jpg\"><img decoding=\"async\" data-src=\"https:\/\/blogger.googleusercontent.com\/img\/b\/R29vZ2xl\/AVvXsEjWVb_NfRwWy8y8rZ8EM68UawBxLySPa3Eymnrwocy7rdTkf3jLLeKXwSJrCMnccsWncUAp7inRoplqVkuTd8S96COb8OR_Q-Ql1WVegjo15M2OHK2NfU62qyLrTVLDzMenepr5jVrMdW5yPxXq0v_PmG3216Zsm8pr38juEeGWaKOkrPY-3juPl17YLQ\/s1600\/descarga.jpeg.jpg\" width=\"225\" height=\"225\" border=\"0\" data-original-height=\"225\" data-original-width=\"225\" src=\"data:image\/svg+xml;base64,PHN2ZyB3aWR0aD0iMSIgaGVpZ2h0PSIxIiB4bWxucz0iaHR0cDovL3d3dy53My5vcmcvMjAwMC9zdmciPjwvc3ZnPg==\" class=\"lazyload\" style=\"--smush-placeholder-width: 225px; --smush-placeholder-aspect-ratio: 225\/225;\" \/><\/a><\/div>\n<p style=\"text-align: justify;\">El religioso se refiri\u00f3 al extinto l\u00edder perrede\u00edsta como \u201cel hombre admirado por muchos y rechazado por otros. Sin embargo, fue el hombre pol\u00e9mico, humilde, l\u00edder, injuriado, pero el hombre honesto\u201d.<\/p>\n<p style=\"text-align: justify;\">\u201cNadie ha podido decir hasta ahora que Pe\u00f1a G\u00f3mez se rob\u00f3 un centavo del partido. Fue un hombre equitativo, honesto y amante a la verdad\u201d, prosigui\u00f3.<\/p>\n<p style=\"text-align: justify;\">Record\u00f3 la respuesta dada por Pe\u00f1a, en cierta ocasi\u00f3n, cuando fue cuestionado sobre su ni\u00f1ez, al decir que \u201cse sent\u00eda tranquilo y en paz, porque los grandes redentores de la humanidad nacieron peor que \u00e9l: \u2018Mois\u00e9s y Jes\u00fas son la esperanza m\u00eda, nacieron peor que yo\u2019\u201d.<\/p>\n<div class=\"separator\" style=\"text-align: justify;\"><a href=\"https:\/\/blogger.googleusercontent.com\/img\/b\/R29vZ2xl\/AVvXsEjoXoYI8kchQwdvCVzMy-FDZ9b0-9UD-SzCa5MtbCc9R9Pyebi_UVXU-EVTH2_KMB_kAJ6WU-XOOHP9ODgPP1Q_nSsbHpyymsUp2EabcjC1jo-13VlGosFbODqgY2yTJRrI89Lt4cVlawRNEpl8-hJ1LOYhilWLsSwWS0v1aMvbtoeBLyOcW2keDFqcFw\/s259\/images.jpeg-1.jpg\"><img decoding=\"async\" data-src=\"https:\/\/blogger.googleusercontent.com\/img\/b\/R29vZ2xl\/AVvXsEjoXoYI8kchQwdvCVzMy-FDZ9b0-9UD-SzCa5MtbCc9R9Pyebi_UVXU-EVTH2_KMB_kAJ6WU-XOOHP9ODgPP1Q_nSsbHpyymsUp2EabcjC1jo-13VlGosFbODqgY2yTJRrI89Lt4cVlawRNEpl8-hJ1LOYhilWLsSwWS0v1aMvbtoeBLyOcW2keDFqcFw\/s1600\/images.jpeg-1.jpg\" width=\"259\" height=\"194\" border=\"0\" data-original-height=\"194\" data-original-width=\"259\" src=\"data:image\/svg+xml;base64,PHN2ZyB3aWR0aD0iMSIgaGVpZ2h0PSIxIiB4bWxucz0iaHR0cDovL3d3dy53My5vcmcvMjAwMC9zdmciPjwvc3ZnPg==\" class=\"lazyload\" style=\"--smush-placeholder-width: 259px; --smush-placeholder-aspect-ratio: 259\/194;\" \/><\/a><\/div>\n<p style=\"text-align: justify;\"><strong>M\u00e1s detalles sobre la jornada<\/strong><\/p>\n<p style=\"text-align: justify;\">Los actos conmemorativos iniciaron con una ofrenda floral en el mausoleo Cristo Redentor, a cargo de una comisi\u00f3n de la Direcci\u00f3n Nacional del PRD, encabezada por do\u00f1a Peggy Cabral, viuda Pe\u00f1a. Estos contaron con la presencia de las principales autoridades perrede\u00edstas, as\u00ed como de Abril Pe\u00f1a, hija del doctor Pe\u00f1a G\u00f3mez.M\u00e1s adelante, tambi\u00e9n fue realizada una ceremonia in mem\u00f3riam, en la Casa Nacional del partido, encabezada por el pastor Elvis Medina.<\/p>\n<p style=\"text-align: justify;\">\n<p style=\"text-align: justify;\">Fuente: Informaciones a Nivel<\/p>\n","protected":false},"excerpt":{"rendered":"<p>Santo Domingo. \u2013 Con diferentes actos, el Partido Revolucionario Dominicano (PRD) y su presidente, el<\/p>\n","protected":false},"author":1,"featured_media":0,"comment_status":"open","ping_status":"open","sticky":false,"template":"","format":"standard","meta":{"footnotes":""},"categories":[7,12],"tags":[],"class_list":["post-4917","post","type-post","status-publish","format-standard","hentry","category-nacionales","category-politicas"],"_links":{"self":[{"href":"https:\/\/defrentealaverdad.com\/index.php\/wp-json\/wp\/v2\/posts\/4917","targetHints":{"allow":["GET"]}}],"collection":[{"href":"https:\/\/defrentealaverdad.com\/index.php\/wp-json\/wp\/v2\/posts"}],"about":[{"href":"https:\/\/defrentealaverdad.com\/index.php\/wp-json\/wp\/v2\/types\/post"}],"author":[{"embeddable":true,"href":"https:\/\/defrentealaverdad.com\/index.php\/wp-json\/wp\/v2\/users\/1"}],"replies":[{"embeddable":true,"href":"https:\/\/defrentealaverdad.com\/index.php\/wp-json\/wp\/v2\/comments?post=4917"}],"version-history":[{"count":2,"href":"https:\/\/defrentealaverdad.com\/index.php\/wp-json\/wp\/v2\/posts\/4917\/revisions"}],"predecessor-version":[{"id":4919,"href":"https:\/\/defrentealaverdad.com\/index.php\/wp-json\/wp\/v2\/posts\/4917\/revisions\/4919"}],"wp:attachment":[{"href":"https:\/\/defrentealaverdad.com\/index.php\/wp-json\/wp\/v2\/media?parent=4917"}],"wp:term":[{"taxonomy":"category","embeddable":true,"href":"https:\/\/defrentealaverdad.com\/index.php\/wp-json\/wp\/v2\/categories?post=4917"},{"taxonomy":"post_tag","embeddable":true,"href":"https:\/\/defrentealaverdad.com\/index.php\/wp-json\/wp\/v2\/tags?post=4917"}],"curies":[{"name":"wp","href":"https:\/\/api.w.org\/{rel}","templated":true}]}}