{"id":49138,"date":"2025-09-21T13:17:23","date_gmt":"2025-09-21T13:17:23","guid":{"rendered":"https:\/\/defrentealaverdad.com\/?p=49138"},"modified":"2025-09-21T22:19:47","modified_gmt":"2025-09-21T22:19:47","slug":"departamento-aeroportuario-dispone-investigacion-sobre-falla-electrica-en-el-aila","status":"publish","type":"post","link":"https:\/\/defrentealaverdad.com\/index.php\/2025\/09\/21\/departamento-aeroportuario-dispone-investigacion-sobre-falla-electrica-en-el-aila\/","title":{"rendered":"Departamento Aeroportuario dispone investigaci\u00f3n sobre falla el\u00e9ctrica en el AILA"},"content":{"rendered":"<blockquote>\n<p style=\"text-align: center;\">El departamento, aclar\u00f3 que la situaci\u00f3n no ha representado ning\u00fan riesgo para alguna aeronave<\/p>\n<\/blockquote>\n<p style=\"text-align: justify;\">SANTO DOMINGO.- El Departamento del Sistema Aeroportuario Dominicano, inform\u00f3 que dispuso una investigaci\u00f3n y solicit\u00f3, un informe oficial a Aeropuertos Dominicanos Siglo XXI (AERODOM), sobre las causas que provocaron la ma\u00f1ana de este domingo, un corte el\u00e9ctrico en el Aeropuerto Internacional Jos\u00e9 Francisco Pe\u00f1a G\u00f3mez (AILA).<\/p>\n<p style=\"text-align: justify;\">A trav\u00e9s de una nota de prensa, el departamento refiri\u00f3 que, por el tipo de operaciones, los aeropuertos mantienen varios protocolos que permitan detectar r\u00e1pidamente cualquier fallo y activar alternativas inmediatas para garantizar la operatividad, por lo que como instituci\u00f3n est\u00e1n en el deber de solicitar una investigaci\u00f3n que permita determinar la realidad de lo acontecido.<\/p>\n<p style=\"text-align: justify;\">De igual manera, indic\u00f3 que Aerodom, inform\u00f3 que el corte se debi\u00f3 a un fallo en una de las seccionadoras internas, por lo que dicho corte no tuvo nada que ver con la energ\u00eda el\u00e9ctrica externa.<\/p>\n<p style=\"text-align: justify;\">El departamento, aclar\u00f3 que la situaci\u00f3n no ha representado ning\u00fan riesgo para alguna aeronave, y que tanto el campo a\u00e9reo con la torre de control se ha mantenido operando con sistemas de respaldo, permitiendo que vuelos contin\u00faen aterrizando o despegando.<\/p>\n<p style=\"text-align: justify;\">Asimismo, afirm\u00f3 que adoptan medidas alternas que permitan devolver la operatividad normal de la terminal lo m\u00e1s pronto posible.<\/p>\n<p>&nbsp;<\/p>\n<p>Fuente: Prensa Depto.Aeroportuario<\/p>\n","protected":false},"excerpt":{"rendered":"<p>El departamento, aclar\u00f3 que la situaci\u00f3n no ha representado ning\u00fan riesgo para alguna aeronave SANTO<\/p>\n","protected":false},"author":1,"featured_media":49139,"comment_status":"open","ping_status":"open","sticky":false,"template":"","format":"standard","meta":{"footnotes":""},"categories":[7],"tags":[],"class_list":["post-49138","post","type-post","status-publish","format-standard","has-post-thumbnail","hentry","category-nacionales"],"_links":{"self":[{"href":"https:\/\/defrentealaverdad.com\/index.php\/wp-json\/wp\/v2\/posts\/49138","targetHints":{"allow":["GET"]}}],"collection":[{"href":"https:\/\/defrentealaverdad.com\/index.php\/wp-json\/wp\/v2\/posts"}],"about":[{"href":"https:\/\/defrentealaverdad.com\/index.php\/wp-json\/wp\/v2\/types\/post"}],"author":[{"embeddable":true,"href":"https:\/\/defrentealaverdad.com\/index.php\/wp-json\/wp\/v2\/users\/1"}],"replies":[{"embeddable":true,"href":"https:\/\/defrentealaverdad.com\/index.php\/wp-json\/wp\/v2\/comments?post=49138"}],"version-history":[{"count":1,"href":"https:\/\/defrentealaverdad.com\/index.php\/wp-json\/wp\/v2\/posts\/49138\/revisions"}],"predecessor-version":[{"id":49140,"href":"https:\/\/defrentealaverdad.com\/index.php\/wp-json\/wp\/v2\/posts\/49138\/revisions\/49140"}],"wp:featuredmedia":[{"embeddable":true,"href":"https:\/\/defrentealaverdad.com\/index.php\/wp-json\/wp\/v2\/media\/49139"}],"wp:attachment":[{"href":"https:\/\/defrentealaverdad.com\/index.php\/wp-json\/wp\/v2\/media?parent=49138"}],"wp:term":[{"taxonomy":"category","embeddable":true,"href":"https:\/\/defrentealaverdad.com\/index.php\/wp-json\/wp\/v2\/categories?post=49138"},{"taxonomy":"post_tag","embeddable":true,"href":"https:\/\/defrentealaverdad.com\/index.php\/wp-json\/wp\/v2\/tags?post=49138"}],"curies":[{"name":"wp","href":"https:\/\/api.w.org\/{rel}","templated":true}]}}