{"id":49115,"date":"2025-09-21T14:30:01","date_gmt":"2025-09-21T14:30:01","guid":{"rendered":"https:\/\/defrentealaverdad.com\/?p=49115"},"modified":"2025-09-21T21:17:44","modified_gmt":"2025-09-21T21:17:44","slug":"hermana-del-periodista-benny-rodriguez-sufre-atentado-a-tiros-en-su-casa-de-saint-thomas","status":"publish","type":"post","link":"https:\/\/defrentealaverdad.com\/index.php\/2025\/09\/21\/hermana-del-periodista-benny-rodriguez-sufre-atentado-a-tiros-en-su-casa-de-saint-thomas\/","title":{"rendered":"Hermana del periodista Benny Rodr\u00edguez sufre atentado a tiros en su casa de Saint Thomas"},"content":{"rendered":"<p style=\"text-align: justify;\"><strong>Saint Thomas, Isla V\u00edrgenes<\/strong>. Una joven dominicana, residente en Saint Thomas, fue v\u00edctima esta madrugada mientras dorm\u00eda en su residencia de esta isla del Caribe, una agresi\u00f3n a tiros, hecho que preocupa a sus familiares en la Rep\u00fablica Dominicana y a sus compatriotas que viven en ese territorio estadounidense.<\/p>\n<p style=\"text-align: justify;\">Lucrecia -Fina- Rodr\u00edguez, dorm\u00eda en su casa, ubicada en L\u00ednea de St. Thomas, Islas V\u00edrgenes, en la bah\u00eda de Berger, n\u00famero HD 23, cuando desconocidos dispararon repetidamente contra su casa, incluso una de las balas rompi\u00f3 el llav\u00edn de la vivienda, los cuales pudieron entrar a quitarle la vida.<\/p>\n<p style=\"text-align: justify;\">La denuncia la hace el periodista Benny Rodr\u00edguez, hermano de la joven mujer agredida, quien llam\u00f3 a las autoridades consulares de la Rep\u00fablica Dominicana de las Islas V\u00edrgenes a ofrecer toda la protecci\u00f3n y seguridad a su pariente para evitar una desgracia.<\/p>\n<p style=\"text-align: justify;\">Indic\u00f3 que su hermana desde que lleg\u00f3 -hace nueve a\u00f1os- a Isla reside en la misma vivienda, ubicada en el indicado sector y nunca hab\u00eda confrontado una situaci\u00f3n de esa naturaleza, sino al rev\u00e9s, se ha ganado el cari\u00f1o, as\u00ed como el aprecio de personas locales, as\u00ed como de sus compatriotas. El sector est\u00e1 ubicado pr\u00f3ximo al aeropuerto de San Thomas.<\/p>\n<blockquote>\n<p style=\"text-align: center;\">\u201cMi hermana no tiene ning\u00fan tipo de relaci\u00f3n con personas de dudosa reputaci\u00f3n, no ha tenido problemas con personas, al rev\u00e9s opera un peque\u00f1o negocio, del que obtiene, junto a una hija que vive con ella, su sustento honradamente fuera de su patria, incluso pagar los estudios de abogada a su hija en el pa\u00eds\u201d, dijo el periodista Rodr\u00edguez.<\/p>\n<\/blockquote>\n<p style=\"text-align: justify;\">Reiter\u00f3 que es deber de las autoridades consulares y diplom\u00e1ticas de cualquier pa\u00eds (en este caso de la Rep\u00fablica Dominicana) ofrecer protecci\u00f3n, as\u00ed como seguridad a sus ciudadanos en cualquier lugar del mundo, por lo que apela al gobierno dominicano, a trav\u00e9s del Ministerio de Relaciones Exteriores para que ofrezcan protecci\u00f3n a su hermana a los fines de resguarda su integridad f\u00edsica, tanto de ella como de su hija.<\/p>\n<p>Fuente: Lupa del Sur<\/p>\n","protected":false},"excerpt":{"rendered":"<p>Saint Thomas, Isla V\u00edrgenes. Una joven dominicana, residente en Saint Thomas, fue v\u00edctima esta madrugada<\/p>\n","protected":false},"author":1,"featured_media":49116,"comment_status":"open","ping_status":"open","sticky":false,"template":"","format":"standard","meta":{"footnotes":""},"categories":[7],"tags":[],"class_list":["post-49115","post","type-post","status-publish","format-standard","has-post-thumbnail","hentry","category-nacionales"],"_links":{"self":[{"href":"https:\/\/defrentealaverdad.com\/index.php\/wp-json\/wp\/v2\/posts\/49115","targetHints":{"allow":["GET"]}}],"collection":[{"href":"https:\/\/defrentealaverdad.com\/index.php\/wp-json\/wp\/v2\/posts"}],"about":[{"href":"https:\/\/defrentealaverdad.com\/index.php\/wp-json\/wp\/v2\/types\/post"}],"author":[{"embeddable":true,"href":"https:\/\/defrentealaverdad.com\/index.php\/wp-json\/wp\/v2\/users\/1"}],"replies":[{"embeddable":true,"href":"https:\/\/defrentealaverdad.com\/index.php\/wp-json\/wp\/v2\/comments?post=49115"}],"version-history":[{"count":1,"href":"https:\/\/defrentealaverdad.com\/index.php\/wp-json\/wp\/v2\/posts\/49115\/revisions"}],"predecessor-version":[{"id":49117,"href":"https:\/\/defrentealaverdad.com\/index.php\/wp-json\/wp\/v2\/posts\/49115\/revisions\/49117"}],"wp:featuredmedia":[{"embeddable":true,"href":"https:\/\/defrentealaverdad.com\/index.php\/wp-json\/wp\/v2\/media\/49116"}],"wp:attachment":[{"href":"https:\/\/defrentealaverdad.com\/index.php\/wp-json\/wp\/v2\/media?parent=49115"}],"wp:term":[{"taxonomy":"category","embeddable":true,"href":"https:\/\/defrentealaverdad.com\/index.php\/wp-json\/wp\/v2\/categories?post=49115"},{"taxonomy":"post_tag","embeddable":true,"href":"https:\/\/defrentealaverdad.com\/index.php\/wp-json\/wp\/v2\/tags?post=49115"}],"curies":[{"name":"wp","href":"https:\/\/api.w.org\/{rel}","templated":true}]}}