{"id":49103,"date":"2025-09-21T15:59:07","date_gmt":"2025-09-21T15:59:07","guid":{"rendered":"https:\/\/defrentealaverdad.com\/?p=49103"},"modified":"2025-09-21T21:02:07","modified_gmt":"2025-09-21T21:02:07","slug":"map-y-la-union-europea-realizan-seminario-sobre-transformacion-digital-en-la-administracion-tributaria-de-la-republica-dominicana","status":"publish","type":"post","link":"https:\/\/defrentealaverdad.com\/index.php\/2025\/09\/21\/map-y-la-union-europea-realizan-seminario-sobre-transformacion-digital-en-la-administracion-tributaria-de-la-republica-dominicana\/","title":{"rendered":"MAP y la Uni\u00f3n Europea realizan seminario sobre transformaci\u00f3n digital en la administraci\u00f3n tributaria de la Rep\u00fablica Dominicana"},"content":{"rendered":"<p style=\"text-align: justify;\"><strong>Santo Domingo, RD.<\/strong> \u2013 El Ministerio de Administraci\u00f3n P\u00fablica (MAP), en conjunto con la Uni\u00f3n Europea (UE), a trav\u00e9s de su instrumento TAIEX de asistencia t\u00e9cnica y cooperaci\u00f3n institucional, realizaron el Seminario TAIEX sobre el fortalecimiento de la administraci\u00f3n tributaria de la Rep\u00fablica Dominicana mediante la implementaci\u00f3n de tecnolog\u00edas digitales.<\/p>\n<p style=\"text-align: justify;\">El encuentro, realizado los d\u00edas 16,17 y 18 de septiembre, tuvo como objetivo fortalecer la administraci\u00f3n tributaria de la Rep\u00fablica Dominicana mediante el intercambio de experiencias de buenas pr\u00e1cticas con pa\u00edses de la Uni\u00f3n Europea en cuanto a herramientas digitales, simplificaci\u00f3n de procesos fiscales, lucha contra la evasi\u00f3n fiscal y profesionalizaci\u00f3n del talento humano en el \u00e1mbito tributario.<\/p>\n<p style=\"text-align: justify;\">Durante las palabras de bienvenida del evento, el viceministro de Innovaci\u00f3n y Tecnolog\u00eda del MAP, Armando Manzueta, resalt\u00f3 que el encuentro marca un momento importante en la agenda de cooperaci\u00f3n entre la Uni\u00f3n Europea y la Rep\u00fablica Dominicana, el cual se alinea con el compromiso del MAP y el Gobierno de avanzar hacia un Estado m\u00e1s eficiente, transparente y centrado en el ciudadano, que haga uso estrat\u00e9gico de la tecnolog\u00eda para mejorar la calidad de los servicios p\u00fablicos.<\/p>\n<blockquote>\n<p style=\"text-align: center;\">\u201cLa transformaci\u00f3n de la administraci\u00f3n tributaria es, sin lugar a dudas, un componente esencial de esta visi\u00f3n. Un sistema fiscal moderno y digital permite mejorar la recaudaci\u00f3n y reducir la evasi\u00f3n, as\u00ed como tambi\u00e9n fortalecer la confianza entre el Estado y los usuarios y usuarias, impulsar la formalizaci\u00f3n, y crear un entorno m\u00e1s propicio para la inversi\u00f3n y el desarrollo econ\u00f3mico\u201d, expres\u00f3.<\/p>\n<\/blockquote>\n<p style=\"text-align: justify;\">Stefaan Pauwels, jefe de Secci\u00f3n Pol\u00edtica, Prensa e Informaci\u00f3n de la Delegaci\u00f3n de la UE en la Rep\u00fablica Dominicana, destac\u00f3 que la realizaci\u00f3n del seminario permite poner en contexto los cambios que ha experimentado la administraci\u00f3n fiscal en las \u00faltimas d\u00e9cadas, la cual ha presentado una transformaci\u00f3n profunda, donde la digitalizaci\u00f3n ha facilitado el cumplimiento de los contribuyentes, as\u00ed como ha propiciado la transparencia y la disminuci\u00f3n de errores en la administraci\u00f3n tributaria.<\/p>\n<p style=\"text-align: justify;\">El acto de apertura del seminario cont\u00f3, adem\u00e1s, con la participaci\u00f3n del director general de la Direcci\u00f3n General de Impuestos Internos (DGII), Luis Valdez; la directora de Cooperaci\u00f3n Multilateral del Ministerio de la Presidencia (MINPRE), Sandra Lara y el director del Instituto Nacional de Administraci\u00f3n P\u00fablica (INAP), Gregorio Montero, al igual que funcionarios t\u00e9cnicos encargados de la formulaci\u00f3n de pol\u00edticas tributarias, gesti\u00f3n de procesos fiscales y transformaci\u00f3n digital.<\/p>\n<p><strong>Desarrollo de la jornada formativa\u00a0<\/strong><\/p>\n<p style=\"text-align: justify;\">Durante el primer d\u00eda de jornada, se realizaron cinco exposiciones tituladas: \u201cLa Administraci\u00f3n Tributaria de la Rep\u00fablica Dominicana (situaci\u00f3n actual)\u201d, \u201cMejores pr\u00e1cticas en la transformaci\u00f3n digital de las administraciones tributarias en toda la UE: Inteligencia Artificial (IA) en Austria\u201d, \u201cMejores pr\u00e1cticas en la transformaci\u00f3n digital de las administraciones tributarias en toda la UE: El Plan Estrat\u00e9gico 2024-2027 en el contexto de la digitalizaci\u00f3n en Espa\u00f1a\u201d y \u201cMejores pr\u00e1cticas en la transformaci\u00f3n digital de las administraciones tributarias en toda la UE: Programa de Transformaci\u00f3n Digital en Polonia.<\/p>\n<p style=\"text-align: justify;\">En el segundo d\u00eda, a lo largo del primer bloque se abordaron las \u201cMetodolog\u00edas de proyectos de TI\u201d, \u201cBig Data en Austria\u201d, \u201cAuditor\u00eda y examen fiscal en Austria\u201d y en el segundo bloque \u201cSistemas de Suministro de Informaci\u00f3n de Facturaci\u00f3n Inmediata, Factura Electr\u00f3nica en Espa\u00f1a\u201d, \u201cDirigi\u00e9ndose a la Administraci\u00f3n Tributaria 3.0 a trav\u00e9s del Programa de Transformaci\u00f3n de \u00c1gil Escalado en Polonia\u201d y \u201cNavegaci\u00f3n y medici\u00f3n del impacto del proyecto (e-Tax Office Case Study)\u201d.<\/p>\n<p style=\"text-align: justify;\">El \u00faltimo d\u00eda de seminario se desarrollaron los temas \u201cUSP \u2013 Portal de servicios a las empresas en Austria\u201d, \u201cFacilitando el Cumplimiento Tributario a trav\u00e9s de la Transformaci\u00f3n Digital: Integraci\u00f3n de servicios en aplicaciones m\u00f3viles en Espa\u00f1a\u201d, \u201cMejorar el cumplimiento de las obligaciones tributarias y la recaudaci\u00f3n de ingresos en Polonia \u2013 Perspectiva de liderazgo de la administraci\u00f3n tributaria\u201d, \u201cFormaci\u00f3n &amp; educaci\u00f3n en la administraci\u00f3n tributaria austriaca\u201d, \u201cDise\u00f1ar iniciativas innovadoras de evasi\u00f3n fiscal y cumplimiento: Sistema de alertas preventivas y campa\u00f1as de comunicaci\u00f3n previa para la mejora del cumplimiento inducido en Espa\u00f1a\u201d y \u201cTransformaci\u00f3n estrat\u00e9gica de la administraci\u00f3n tributaria de Polonia\u201d.<\/p>\n<p style=\"text-align: justify;\">Los talleres estuvieron a cargo de destacados oradores nacionales e internacionales como: Manfred Elmecker, del Ministerio de Hacienda de Austria; Martin Setnicka, director de Programas en Digitalizaci\u00f3n de la Universidad de Ciencias Aplicadas de Wiener Neustadt (Austria); Alfonso del Moral-Gonz\u00e1lez, delegado regional de la Agencia Tributaria de la Agencia Estatal de Administraci\u00f3n Tributaria de Espa\u00f1a; Fernando Rodr\u00edguez-Bay\u00f3n, gerente regional de TI Tributaria de la misma instituci\u00f3n; Marcin Gochnio, gerente del Programa de Transformaci\u00f3n Digital de la Oficina de Impuestos Electr\u00f3nicos del Ministerio de Hacienda de Polonia; y, por la Rep\u00fablica Dominicana, Eddy O. Arango, subdirector de Fiscalizaci\u00f3n de la Direcci\u00f3n General de Impuestos Internos (DGII).<\/p>\n<p>&nbsp;<\/p>\n<p>Fuente: Dir. Com. MAP<\/p>\n","protected":false},"excerpt":{"rendered":"<p>Santo Domingo, RD. \u2013 El Ministerio de Administraci\u00f3n P\u00fablica (MAP), en conjunto con la Uni\u00f3n<\/p>\n","protected":false},"author":1,"featured_media":49104,"comment_status":"open","ping_status":"open","sticky":false,"template":"","format":"standard","meta":{"footnotes":""},"categories":[7],"tags":[],"class_list":["post-49103","post","type-post","status-publish","format-standard","has-post-thumbnail","hentry","category-nacionales"],"_links":{"self":[{"href":"https:\/\/defrentealaverdad.com\/index.php\/wp-json\/wp\/v2\/posts\/49103","targetHints":{"allow":["GET"]}}],"collection":[{"href":"https:\/\/defrentealaverdad.com\/index.php\/wp-json\/wp\/v2\/posts"}],"about":[{"href":"https:\/\/defrentealaverdad.com\/index.php\/wp-json\/wp\/v2\/types\/post"}],"author":[{"embeddable":true,"href":"https:\/\/defrentealaverdad.com\/index.php\/wp-json\/wp\/v2\/users\/1"}],"replies":[{"embeddable":true,"href":"https:\/\/defrentealaverdad.com\/index.php\/wp-json\/wp\/v2\/comments?post=49103"}],"version-history":[{"count":1,"href":"https:\/\/defrentealaverdad.com\/index.php\/wp-json\/wp\/v2\/posts\/49103\/revisions"}],"predecessor-version":[{"id":49105,"href":"https:\/\/defrentealaverdad.com\/index.php\/wp-json\/wp\/v2\/posts\/49103\/revisions\/49105"}],"wp:featuredmedia":[{"embeddable":true,"href":"https:\/\/defrentealaverdad.com\/index.php\/wp-json\/wp\/v2\/media\/49104"}],"wp:attachment":[{"href":"https:\/\/defrentealaverdad.com\/index.php\/wp-json\/wp\/v2\/media?parent=49103"}],"wp:term":[{"taxonomy":"category","embeddable":true,"href":"https:\/\/defrentealaverdad.com\/index.php\/wp-json\/wp\/v2\/categories?post=49103"},{"taxonomy":"post_tag","embeddable":true,"href":"https:\/\/defrentealaverdad.com\/index.php\/wp-json\/wp\/v2\/tags?post=49103"}],"curies":[{"name":"wp","href":"https:\/\/api.w.org\/{rel}","templated":true}]}}