{"id":4909,"date":"2023-05-12T16:47:50","date_gmt":"2023-05-12T16:47:50","guid":{"rendered":"https:\/\/defrentealaverdad.com\/?p=4909"},"modified":"2023-05-12T16:47:50","modified_gmt":"2023-05-12T16:47:50","slug":"modernizacion-china-creara-mas-oportunidades-para-el-resto-del-mundo-dice-canciller-chino","status":"publish","type":"post","link":"https:\/\/defrentealaverdad.com\/index.php\/2023\/05\/12\/modernizacion-china-creara-mas-oportunidades-para-el-resto-del-mundo-dice-canciller-chino\/","title":{"rendered":"Modernizaci\u00f3n china crear\u00e1 m\u00e1s oportunidades para el resto del mundo, dice canciller chino"},"content":{"rendered":"<p style=\"text-align: justify;\">Por Mirla Hern\u00e1ndez<\/p>\n<p><img decoding=\"async\" class=\"alignright lazyload\" data-src=\"https:\/\/diariodominicano.com\/wp-content\/uploads\/2023\/05\/Qin-Gang12-5-23-816x544.jpg\" src=\"data:image\/svg+xml;base64,PHN2ZyB3aWR0aD0iMSIgaGVpZ2h0PSIxIiB4bWxucz0iaHR0cDovL3d3dy53My5vcmcvMjAwMC9zdmciPjwvc3ZnPg==\" style=\"--smush-placeholder-width: 816px; --smush-placeholder-aspect-ratio: 816\/544;\" \/><\/p>\n<p style=\"text-align: justify;\">OSLO &#8212; La modernizaci\u00f3n china trata de consolidar una prosperidad com\u00fan para todos, que no solo posibilitar\u00e1 una vida mejor para el pueblo chino, sino que tambi\u00e9n proporcionar\u00e1 un mayor mercado y m\u00e1s oportunidades para el resto del mundo, declar\u00f3 Qin Gang, consejero de Estado y ministro de Relaciones Exteriores de China, el jueves durante su visita a Noruega.<\/p>\n<p style=\"text-align: justify;\">Desde que las empresas noruegas entraron en el mercado chino en 1888, estas han mantenido una cooperaci\u00f3n a largo plazo con sus socios chinos, comprometi\u00e9ndose profundamente con la reforma y apertura de China, haciendo importantes contribuciones a la cooperaci\u00f3n mutuamente beneficiosa e intercambios amistosos entre los dos pa\u00edses, dijo Qin, al reunirse con representantes de la comunidad empresarial noruega.<\/p>\n<p style=\"text-align: justify;\">China mantendr\u00e1 su compromiso con la reforma y apertura, centr\u00e1ndose en el desarrollo de alta calidad, promoviendo una cooperaci\u00f3n beneficiosa para todos y proporcionando un mejor entorno de inversi\u00f3n para las empresas globales, con el fin de generar nuevas oportunidades de desarrollo, resalt\u00f3.<\/p>\n<p style=\"text-align: justify;\">La econom\u00eda china, con una fuerte resiliencia, alcanzar\u00e1 un desarrollo estable, s\u00f3lido, sostenible, y continuar\u00e1 siendo una potencia de la econom\u00eda mundial, a\u00f1adi\u00f3.<\/p>\n<p style=\"text-align: justify;\">Seg\u00fan Qin, la modernizaci\u00f3n china tambi\u00e9n se caracteriza por una armon\u00eda entre la humanidad y la naturaleza, lo cual originar\u00e1 un espacio amplio para la cooperaci\u00f3n ecol\u00f3gica y baja en carbono entre China y Noruega.<\/p>\n<p style=\"text-align: justify;\">Los dos pa\u00edses, tan partidarios como participantes de la globalizaci\u00f3n econ\u00f3mica, se oponen al proteccionismo, adem\u00e1s de a las presiones para desacoplar y cortar las cadenas de suministro, enfatiz\u00f3.<\/p>\n<p style=\"text-align: justify;\">Bajo las circunstancias actuales, a\u00fan es m\u00e1s importante para China y Noruega profundizar sobre su cooperaci\u00f3n mutuamente beneficiosa y promover conjuntamente la liberalizaci\u00f3n y la facilitaci\u00f3n del comercio a fin de obtener m\u00e1s resultados a trav\u00e9s de su cooperaci\u00f3n, agreg\u00f3.<\/p>\n<p style=\"text-align: justify;\">Durante la reuni\u00f3n, los representantes noruegos dijeron que tienen voluntad de profundizar a\u00fan m\u00e1s la cooperaci\u00f3n con China, dado que el pa\u00eds asi\u00e1tico es un mercado y socio comercial importante para las empresas noruegas.<\/p>\n<p style=\"text-align: justify;\">Fortalecer el di\u00e1logo y la comunicaci\u00f3n entre los Gobiernos y las comunidades empresariales de ambos pa\u00edses conduce a mejorar el entendimiento mutuo y ampliar las \u00e1reas de cooperaci\u00f3n, indicaron.<\/p>\n<p style=\"text-align: justify;\">Qin escuch\u00f3 atentamente sus puntos de vista y sugerencias sobre el fortalecimiento de la cooperaci\u00f3n econ\u00f3mica y comercial entre China y Noruega. Y respondi\u00f3 tambi\u00e9n a las preguntas sobre la crisis de Ucrania, la transformaci\u00f3n verde, la protecci\u00f3n de la propiedad intelectual y las relaciones China-Estados Unidos.<\/p>\n<p style=\"text-align: justify;\">Qin est\u00e1 de visita en Alemania, Francia y Noruega del 8 al 12 de mayo por invitaci\u00f3n de sus hom\u00f3logos de esos tres pa\u00edses europeos.<\/p>\n<p>&nbsp;<\/p>\n<p>Fuente: Diario Dominicano<\/p>\n","protected":false},"excerpt":{"rendered":"<p>Por Mirla Hern\u00e1ndez OSLO &#8212; La modernizaci\u00f3n china trata de consolidar una prosperidad com\u00fan para<\/p>\n","protected":false},"author":4,"featured_media":0,"comment_status":"open","ping_status":"open","sticky":false,"template":"","format":"standard","meta":{"footnotes":""},"categories":[16],"tags":[],"class_list":["post-4909","post","type-post","status-publish","format-standard","hentry","category-internacionales"],"_links":{"self":[{"href":"https:\/\/defrentealaverdad.com\/index.php\/wp-json\/wp\/v2\/posts\/4909","targetHints":{"allow":["GET"]}}],"collection":[{"href":"https:\/\/defrentealaverdad.com\/index.php\/wp-json\/wp\/v2\/posts"}],"about":[{"href":"https:\/\/defrentealaverdad.com\/index.php\/wp-json\/wp\/v2\/types\/post"}],"author":[{"embeddable":true,"href":"https:\/\/defrentealaverdad.com\/index.php\/wp-json\/wp\/v2\/users\/4"}],"replies":[{"embeddable":true,"href":"https:\/\/defrentealaverdad.com\/index.php\/wp-json\/wp\/v2\/comments?post=4909"}],"version-history":[{"count":1,"href":"https:\/\/defrentealaverdad.com\/index.php\/wp-json\/wp\/v2\/posts\/4909\/revisions"}],"predecessor-version":[{"id":4910,"href":"https:\/\/defrentealaverdad.com\/index.php\/wp-json\/wp\/v2\/posts\/4909\/revisions\/4910"}],"wp:attachment":[{"href":"https:\/\/defrentealaverdad.com\/index.php\/wp-json\/wp\/v2\/media?parent=4909"}],"wp:term":[{"taxonomy":"category","embeddable":true,"href":"https:\/\/defrentealaverdad.com\/index.php\/wp-json\/wp\/v2\/categories?post=4909"},{"taxonomy":"post_tag","embeddable":true,"href":"https:\/\/defrentealaverdad.com\/index.php\/wp-json\/wp\/v2\/tags?post=4909"}],"curies":[{"name":"wp","href":"https:\/\/api.w.org\/{rel}","templated":true}]}}