{"id":49088,"date":"2025-09-21T13:45:28","date_gmt":"2025-09-21T13:45:28","guid":{"rendered":"https:\/\/defrentealaverdad.com\/?p=49088"},"modified":"2025-09-21T20:42:44","modified_gmt":"2025-09-21T20:42:44","slug":"karen-ponciano-lanza-libro-devocional-mas-alla-del-dolor-un-dia-a-la-vez","status":"publish","type":"post","link":"https:\/\/defrentealaverdad.com\/index.php\/2025\/09\/21\/karen-ponciano-lanza-libro-devocional-mas-alla-del-dolor-un-dia-a-la-vez\/","title":{"rendered":"Karen Ponciano lanza libro devocional \u201cM\u00e1s all\u00e1 del dolor, un d\u00eda a la vez\u201d"},"content":{"rendered":"<p style=\"text-align: justify;\"><strong>Santo Domingo, R.D. \u2013 septiembre de 2025. <\/strong>La iglesia Tabern\u00e1culo de Adoraci\u00f3n fue el escenario del emotivo lanzamiento del libro devocional \u201cM\u00e1s all\u00e1 del dolor, un d\u00eda a la vez\u201d, una obra inspiradora que busca acompa\u00f1ar a los lectores en su caminar espiritual y brindar esperanza en medio de los procesos de la vida.<\/p>\n<p style=\"text-align: justify;\">La autora, Karen Ponciano, comparti\u00f3 con los presentes la motivaci\u00f3n que dio origen a este devocional, destacando que cada p\u00e1gina fue escrita con el deseo de que las personas encuentren fortaleza, consuelo y direcci\u00f3n en Dios, aun en medio de las pruebas.<\/p>\n<p style=\"text-align: justify;\">El evento cont\u00f3 con la presencia de familiares, amigos, l\u00edderes espirituales e invitados especiales, quienes celebraron junto a la autora este importante logro literario. La velada estuvo marcada por momentos de adoraci\u00f3n, testimonios y palabras de aliento que reflejaron el mensaje central del libro: la esperanza nunca se pierde cuando se camina de la mano de Dios.<\/p>\n<p style=\"text-align: justify;\">Con un lenguaje cercano y profundo, \u201cM\u00e1s all\u00e1 del dolor, un d\u00eda a la vez\u201d ofrece reflexiones diarias acompa\u00f1adas de vers\u00edculos b\u00edblicos y oraciones que invitan al lector a vivir cada jornada con fe, resiliencia y confianza en las promesas divinas.<\/p>\n<p style=\"text-align: justify;\">La publicaci\u00f3n est\u00e1 disponible para todo el p\u00fablico y promete convertirse en una herramienta de edificaci\u00f3n personal y espiritual, recordando que la vida, con sus retos y victorias, se transita mejor un d\u00eda a la vez.<\/p>\n<p>Fuente: Iglesia Tabern\u00e1culo de Adoraci\u00f3n<\/p>\n","protected":false},"excerpt":{"rendered":"<p>Santo Domingo, R.D. \u2013 septiembre de 2025. La iglesia Tabern\u00e1culo de Adoraci\u00f3n fue el escenario<\/p>\n","protected":false},"author":2,"featured_media":49089,"comment_status":"open","ping_status":"open","sticky":false,"template":"","format":"standard","meta":{"footnotes":""},"categories":[251],"tags":[],"class_list":["post-49088","post","type-post","status-publish","format-standard","has-post-thumbnail","hentry","category-cristiana"],"_links":{"self":[{"href":"https:\/\/defrentealaverdad.com\/index.php\/wp-json\/wp\/v2\/posts\/49088","targetHints":{"allow":["GET"]}}],"collection":[{"href":"https:\/\/defrentealaverdad.com\/index.php\/wp-json\/wp\/v2\/posts"}],"about":[{"href":"https:\/\/defrentealaverdad.com\/index.php\/wp-json\/wp\/v2\/types\/post"}],"author":[{"embeddable":true,"href":"https:\/\/defrentealaverdad.com\/index.php\/wp-json\/wp\/v2\/users\/2"}],"replies":[{"embeddable":true,"href":"https:\/\/defrentealaverdad.com\/index.php\/wp-json\/wp\/v2\/comments?post=49088"}],"version-history":[{"count":1,"href":"https:\/\/defrentealaverdad.com\/index.php\/wp-json\/wp\/v2\/posts\/49088\/revisions"}],"predecessor-version":[{"id":49090,"href":"https:\/\/defrentealaverdad.com\/index.php\/wp-json\/wp\/v2\/posts\/49088\/revisions\/49090"}],"wp:featuredmedia":[{"embeddable":true,"href":"https:\/\/defrentealaverdad.com\/index.php\/wp-json\/wp\/v2\/media\/49089"}],"wp:attachment":[{"href":"https:\/\/defrentealaverdad.com\/index.php\/wp-json\/wp\/v2\/media?parent=49088"}],"wp:term":[{"taxonomy":"category","embeddable":true,"href":"https:\/\/defrentealaverdad.com\/index.php\/wp-json\/wp\/v2\/categories?post=49088"},{"taxonomy":"post_tag","embeddable":true,"href":"https:\/\/defrentealaverdad.com\/index.php\/wp-json\/wp\/v2\/tags?post=49088"}],"curies":[{"name":"wp","href":"https:\/\/api.w.org\/{rel}","templated":true}]}}