{"id":49085,"date":"2025-09-21T14:34:21","date_gmt":"2025-09-21T14:34:21","guid":{"rendered":"https:\/\/defrentealaverdad.com\/?p=49085"},"modified":"2025-09-21T20:38:08","modified_gmt":"2025-09-21T20:38:08","slug":"restablecen-servicio-electrico-en-el-aila-tras-horas-de-apagon-que-afecto-vuelos","status":"publish","type":"post","link":"https:\/\/defrentealaverdad.com\/index.php\/2025\/09\/21\/restablecen-servicio-electrico-en-el-aila-tras-horas-de-apagon-que-afecto-vuelos\/","title":{"rendered":"Restablecen servicio el\u00e9ctrico en el AILA, tras horas de apag\u00f3n que afect\u00f3 vuelos"},"content":{"rendered":"<p style=\"text-align: justify;\">El servicio el\u00e9ctrico fue restablecido en el Aeropuerto Internacional de Las Am\u00e9ricas (AILA) Jos\u00e9 Francisco Pe\u00f1a G\u00f3mez, luego de varias horas de interrupci\u00f3n que provocaron retrasos y desv\u00edos de vuelos, as\u00ed como la suspensi\u00f3n temporal de los servicios de migraci\u00f3n.<\/p>\n<blockquote>\n<p style=\"text-align: center;\">\u201cLa energ\u00eda el\u00e9ctrica acaba de llegar a la terminal del AILA. El sistema se est\u00e1 reiniciando poco a poco\u201d, expresaron equipos de AERODOM<\/p>\n<\/blockquote>\n<p style=\"text-align: justify;\">Durante el apag\u00f3n, los counters de migraci\u00f3n estuvieron inactivos, lo que afect\u00f3 la salida y entrada de pasajeros nacionales e internacionales. Varias aerol\u00edneas debieron posponer o desviar sus vuelos a otros aeropuertos del pa\u00eds mientras se restablec\u00eda la energ\u00eda.<\/p>\n<p style=\"text-align: justify;\">En ese sentido, el Departamento Aeroportuario Dominicano informo que han dispuesto una investigaci\u00f3n y solicitado, al mismo tiempo, un informe oficial a Aeropuertos Dominicanos Siglo XXI (AERODOM), sobre las causas que provocaron la ma\u00f1ana de este domingo, un corte el\u00e9ctrico en el AILA.<\/p>\n<p style=\"text-align: justify;\">Agregaron que, por el tipo de operaciones, los aeropuertos mantienen varios protocolos que permiten detectar r\u00e1pidamente cualquier fallo y activar alternativas inmediatas para garantizar la operatividad, por lo que se ven en la obligaci\u00f3n de una investigaci\u00f3n para determinar la realidad de lo acontecido.<\/p>\n<p>&nbsp;<\/p>\n<p>Fuente: N Digital<\/p>\n","protected":false},"excerpt":{"rendered":"<p>El servicio el\u00e9ctrico fue restablecido en el Aeropuerto Internacional de Las Am\u00e9ricas (AILA) Jos\u00e9 Francisco<\/p>\n","protected":false},"author":1,"featured_media":49086,"comment_status":"open","ping_status":"open","sticky":false,"template":"","format":"standard","meta":{"footnotes":""},"categories":[7],"tags":[],"class_list":["post-49085","post","type-post","status-publish","format-standard","has-post-thumbnail","hentry","category-nacionales"],"_links":{"self":[{"href":"https:\/\/defrentealaverdad.com\/index.php\/wp-json\/wp\/v2\/posts\/49085","targetHints":{"allow":["GET"]}}],"collection":[{"href":"https:\/\/defrentealaverdad.com\/index.php\/wp-json\/wp\/v2\/posts"}],"about":[{"href":"https:\/\/defrentealaverdad.com\/index.php\/wp-json\/wp\/v2\/types\/post"}],"author":[{"embeddable":true,"href":"https:\/\/defrentealaverdad.com\/index.php\/wp-json\/wp\/v2\/users\/1"}],"replies":[{"embeddable":true,"href":"https:\/\/defrentealaverdad.com\/index.php\/wp-json\/wp\/v2\/comments?post=49085"}],"version-history":[{"count":1,"href":"https:\/\/defrentealaverdad.com\/index.php\/wp-json\/wp\/v2\/posts\/49085\/revisions"}],"predecessor-version":[{"id":49087,"href":"https:\/\/defrentealaverdad.com\/index.php\/wp-json\/wp\/v2\/posts\/49085\/revisions\/49087"}],"wp:featuredmedia":[{"embeddable":true,"href":"https:\/\/defrentealaverdad.com\/index.php\/wp-json\/wp\/v2\/media\/49086"}],"wp:attachment":[{"href":"https:\/\/defrentealaverdad.com\/index.php\/wp-json\/wp\/v2\/media?parent=49085"}],"wp:term":[{"taxonomy":"category","embeddable":true,"href":"https:\/\/defrentealaverdad.com\/index.php\/wp-json\/wp\/v2\/categories?post=49085"},{"taxonomy":"post_tag","embeddable":true,"href":"https:\/\/defrentealaverdad.com\/index.php\/wp-json\/wp\/v2\/tags?post=49085"}],"curies":[{"name":"wp","href":"https:\/\/api.w.org\/{rel}","templated":true}]}}