{"id":4906,"date":"2023-05-12T16:45:34","date_gmt":"2023-05-12T16:45:34","guid":{"rendered":"https:\/\/defrentealaverdad.com\/?p=4906"},"modified":"2023-05-12T16:45:50","modified_gmt":"2023-05-12T16:45:50","slug":"escuelas-vocacionales-reciben-donacion-de-medicamentos-e-insumos","status":"publish","type":"post","link":"https:\/\/defrentealaverdad.com\/index.php\/2023\/05\/12\/escuelas-vocacionales-reciben-donacion-de-medicamentos-e-insumos\/","title":{"rendered":"Escuelas Vocacionales reciben donaci\u00f3n de medicamentos e insumos"},"content":{"rendered":"<div class=\"separator\" style=\"text-align: justify;\">Por Felix Rubio<\/div>\n<div style=\"text-align: justify;\"><\/div>\n<p style=\"text-align: justify;\"><a href=\"https:\/\/blogger.googleusercontent.com\/img\/b\/R29vZ2xl\/AVvXsEhCG3UDwfqMv7cbAhGqqrjM2neD6Bsh1aH08l_Vc62VP7CEu_2dVBwnZ6NMynI6wFH00Xbv0D-_GVKINhSAT6zbri-J24tnTYoP2kP0_lIw5fRQkj-Hm-5zXeEYmHtRwdcWQZl3m3KufHOX5X-nmVnRpcaFgt9HpdJMgvTPBdvp4D-dFv_VCPhtaj4Rng\/s1600\/IMG-20230512-WA0016.jpg\"><img decoding=\"async\" data-src=\"https:\/\/blogger.googleusercontent.com\/img\/b\/R29vZ2xl\/AVvXsEhCG3UDwfqMv7cbAhGqqrjM2neD6Bsh1aH08l_Vc62VP7CEu_2dVBwnZ6NMynI6wFH00Xbv0D-_GVKINhSAT6zbri-J24tnTYoP2kP0_lIw5fRQkj-Hm-5zXeEYmHtRwdcWQZl3m3KufHOX5X-nmVnRpcaFgt9HpdJMgvTPBdvp4D-dFv_VCPhtaj4Rng\/s320\/IMG-20230512-WA0016.jpg\" width=\"320\" height=\"213\" border=\"0\" data-original-height=\"1066\" data-original-width=\"1600\" src=\"data:image\/svg+xml;base64,PHN2ZyB3aWR0aD0iMSIgaGVpZ2h0PSIxIiB4bWxucz0iaHR0cDovL3d3dy53My5vcmcvMjAwMC9zdmciPjwvc3ZnPg==\" class=\"lazyload\" style=\"--smush-placeholder-width: 320px; --smush-placeholder-aspect-ratio: 320\/213;\" \/><\/a><\/p>\n<p style=\"text-align: justify;\">Santo Domingo Este.- La Direcci\u00f3n General de las Escuelas Vocacionales de las Fuerzas Armadas y de la Polic\u00eda Nacional(DIGEV) recibieron hoy del coordinador del Gabinete de Pol\u00edtica Social, Tony Pe\u00f1a, una donaci\u00f3n de aproximadamente 7 millones de pesos en medicamentos e insumos para ser utilizados en los 28 centros formativos que funcionan a nivel nacional.<\/p>\n<div class=\"separator\" style=\"text-align: justify;\"><a href=\"https:\/\/blogger.googleusercontent.com\/img\/b\/R29vZ2xl\/AVvXsEg6HnhVY-gGuJC441vk7yaLL7zV3m4KavmjVYODkDCbDGsx2Zzv0lcWJhPe3YIK5anVFIaNldI4GlmwIZ9RC9tqe3d8Brqe24TemB4qoFWvnnwDxvupER77nhu8-wEnBCOcf1GrHiyBWENJ1DrBVsjbzftI4eM09MfbmphZvG7Nv6mcqQeQbLhFIfPkgg\/s1600\/IMG-20230512-WA0013.jpg\"><img decoding=\"async\" data-src=\"https:\/\/blogger.googleusercontent.com\/img\/b\/R29vZ2xl\/AVvXsEg6HnhVY-gGuJC441vk7yaLL7zV3m4KavmjVYODkDCbDGsx2Zzv0lcWJhPe3YIK5anVFIaNldI4GlmwIZ9RC9tqe3d8Brqe24TemB4qoFWvnnwDxvupER77nhu8-wEnBCOcf1GrHiyBWENJ1DrBVsjbzftI4eM09MfbmphZvG7Nv6mcqQeQbLhFIfPkgg\/s320\/IMG-20230512-WA0013.jpg\" width=\"320\" height=\"213\" border=\"0\" data-original-height=\"1066\" data-original-width=\"1600\" src=\"data:image\/svg+xml;base64,PHN2ZyB3aWR0aD0iMSIgaGVpZ2h0PSIxIiB4bWxucz0iaHR0cDovL3d3dy53My5vcmcvMjAwMC9zdmciPjwvc3ZnPg==\" class=\"lazyload\" style=\"--smush-placeholder-width: 320px; --smush-placeholder-aspect-ratio: 320\/213;\" \/><\/a><\/div>\n<p style=\"text-align: justify;\">Los medicamentos e insumos fueron recibidos por el director general de la entidad formativa, Mayor General ERD., Juan Jos\u00e9 Ota\u00f1o Jim\u00e9nez; quien destac\u00f3 que esta iniciativa forma parte de los acuerdos establecidos entre ambas instituciones a trav\u00e9s del Programa 14\/24 que tiene como finalidad ofrecer oportunidades de formaci\u00f3n a cientos de j\u00f3venes de escasos recursos econ\u00f3micos de distintos sectores y barrios del pa\u00eds.<\/p>\n<div class=\"separator\" style=\"text-align: justify;\"><a href=\"https:\/\/blogger.googleusercontent.com\/img\/b\/R29vZ2xl\/AVvXsEiAzFjaOg7PdSWEGBLRAxa5c-n1cTVpfJeMpdnzItvJzBT-sPMTR5x2VabvAXohzw7PiwqZgnSW8j0FL3NFqrxFvJiFj95PpaZcd7RUSIMKcSqc1MxXlVpW-5n1Px6XgrRqkwg4klzq-zIoQ-a0EX5yUAxPLgS1Atuhv9XVPeaTB5EI9ISdXmmztRtYBA\/s1600\/IMG-20230512-WA0009.jpg\"><img decoding=\"async\" data-src=\"https:\/\/blogger.googleusercontent.com\/img\/b\/R29vZ2xl\/AVvXsEiAzFjaOg7PdSWEGBLRAxa5c-n1cTVpfJeMpdnzItvJzBT-sPMTR5x2VabvAXohzw7PiwqZgnSW8j0FL3NFqrxFvJiFj95PpaZcd7RUSIMKcSqc1MxXlVpW-5n1Px6XgrRqkwg4klzq-zIoQ-a0EX5yUAxPLgS1Atuhv9XVPeaTB5EI9ISdXmmztRtYBA\/s320\/IMG-20230512-WA0009.jpg\" width=\"320\" height=\"213\" border=\"0\" data-original-height=\"1066\" data-original-width=\"1600\" src=\"data:image\/svg+xml;base64,PHN2ZyB3aWR0aD0iMSIgaGVpZ2h0PSIxIiB4bWxucz0iaHR0cDovL3d3dy53My5vcmcvMjAwMC9zdmciPjwvc3ZnPg==\" class=\"lazyload\" style=\"--smush-placeholder-width: 320px; --smush-placeholder-aspect-ratio: 320\/213;\" \/><\/a><\/div>\n<p style=\"text-align: justify;\">El titular de DIGEV, Ota\u00f1o Jim\u00e9nez, al recibir la donaci\u00f3n del director del Gabinete de Pol\u00edticas Sociales de la Presidencia, Tony Pe\u00f1a Guaba, agradeci\u00f3 el gesto del \u00a0Gabinete de Pol\u00edtica Social, por tener presente a esa poblaci\u00f3n vulnerable que pernoctan en las escuelas, alumnos y docentes, que pudieran necesitar el suministro de esos medicamentos para tratar alguna dolencia.<\/p>\n<div class=\"separator\" style=\"text-align: justify;\"><a href=\"https:\/\/blogger.googleusercontent.com\/img\/b\/R29vZ2xl\/AVvXsEgCvsYf4b9ZYlWkIGFEUGzzIRoeJqO6QMJ3OZ77tZTEJ_oQsmf4AzA8U1iJ2XXidc28h2rAaLurMrJMsIAUQgbPRCwVtdXyZDbTNvA6EM6P6wCTw6wkux2hqEV7x8qWX_vTfo4N4XUuSOcj5TGX-eE9FN1g4ruOI1iBUT5Bm3QCDQcm9LKE0M1SiTeMog\/s1600\/IMG-20230512-WA0011.jpg\"><img decoding=\"async\" data-src=\"https:\/\/blogger.googleusercontent.com\/img\/b\/R29vZ2xl\/AVvXsEgCvsYf4b9ZYlWkIGFEUGzzIRoeJqO6QMJ3OZ77tZTEJ_oQsmf4AzA8U1iJ2XXidc28h2rAaLurMrJMsIAUQgbPRCwVtdXyZDbTNvA6EM6P6wCTw6wkux2hqEV7x8qWX_vTfo4N4XUuSOcj5TGX-eE9FN1g4ruOI1iBUT5Bm3QCDQcm9LKE0M1SiTeMog\/s320\/IMG-20230512-WA0011.jpg\" width=\"320\" height=\"213\" border=\"0\" data-original-height=\"1066\" data-original-width=\"1600\" src=\"data:image\/svg+xml;base64,PHN2ZyB3aWR0aD0iMSIgaGVpZ2h0PSIxIiB4bWxucz0iaHR0cDovL3d3dy53My5vcmcvMjAwMC9zdmciPjwvc3ZnPg==\" class=\"lazyload\" style=\"--smush-placeholder-width: 320px; --smush-placeholder-aspect-ratio: 320\/213;\" \/><\/a><\/div>\n<p style=\"text-align: justify;\">De su lado, el director del Gabinete de Pol\u00edtica Social, Tony Pe\u00f1a, expres\u00f3 que la misi\u00f3n de esa entidad, como la cara social del Gobierno dominicano, es llevar la mano amiga del Estado a aquellas personas en condiciones de vulnerabilidad social y que no descansaran hasta estar seguros de que cada dominicano pueda estar tranquilo, porque sabe que encontrar\u00e1 los medicamentos que necesita en estos centros.<\/p>\n<div class=\"separator\" style=\"text-align: justify;\"><a href=\"https:\/\/blogger.googleusercontent.com\/img\/b\/R29vZ2xl\/AVvXsEhI1tJVg7zjCGOtxeGgh_PWiHVjhkN4fHSnllKlP-eAWA8fjqSO6UyUn1F5hxN40ZBnpdNBil86ue418IT-pW3OGpNzsH6-UfO0PNwmHvuzrGW7d2DmuTZiA6zh4szToyV5AV5nUzMc6h7x5bkJHSIgXvNqPG2BGm3nOI1pD_8qtjcItqEm6OKMOMT49Q\/s1600\/IMG-20230512-WA0010.jpg\"><img decoding=\"async\" data-src=\"https:\/\/blogger.googleusercontent.com\/img\/b\/R29vZ2xl\/AVvXsEhI1tJVg7zjCGOtxeGgh_PWiHVjhkN4fHSnllKlP-eAWA8fjqSO6UyUn1F5hxN40ZBnpdNBil86ue418IT-pW3OGpNzsH6-UfO0PNwmHvuzrGW7d2DmuTZiA6zh4szToyV5AV5nUzMc6h7x5bkJHSIgXvNqPG2BGm3nOI1pD_8qtjcItqEm6OKMOMT49Q\/s320\/IMG-20230512-WA0010.jpg\" width=\"320\" height=\"213\" border=\"0\" data-original-height=\"1066\" data-original-width=\"1600\" src=\"data:image\/svg+xml;base64,PHN2ZyB3aWR0aD0iMSIgaGVpZ2h0PSIxIiB4bWxucz0iaHR0cDovL3d3dy53My5vcmcvMjAwMC9zdmciPjwvc3ZnPg==\" class=\"lazyload\" style=\"--smush-placeholder-width: 320px; --smush-placeholder-aspect-ratio: 320\/213;\" \/><\/a><\/div>\n<p style=\"text-align: justify;\">Mientras que el director de Salud del Gabinete de Pol\u00edtica Social, Guillermo Moringlane, explic\u00f3 que los medicamentos gestionados por la instituci\u00f3n son para beneficiar a ciudadanos que padezcan distintos tipos de enfermedades, ya sea del coraz\u00f3n, cabeza, ri\u00f1ones u otro \u00f3rgano del cuerpo humano.<\/p>\n<div class=\"separator\" style=\"text-align: justify;\"><a href=\"https:\/\/blogger.googleusercontent.com\/img\/b\/R29vZ2xl\/AVvXsEiI7ElXLK9kMnuLqGe-m8L75UnSPTe4b7pIap3ak398W4YnaKcqwskAVRh0YEEJCdRsxqCABP6gzErGgwlXEXB1MzQel-74TbxAY0uIGH4D0RPVij1jVQJWD3o9GkxOGn1maN6jLtyyQhJJryth_R71H5HZ5d1uBOtFRdk_dWMD6yU6yoed3jtQmxxW8g\/s1600\/IMG-20230512-WA0013.jpg\"><img decoding=\"async\" data-src=\"https:\/\/blogger.googleusercontent.com\/img\/b\/R29vZ2xl\/AVvXsEiI7ElXLK9kMnuLqGe-m8L75UnSPTe4b7pIap3ak398W4YnaKcqwskAVRh0YEEJCdRsxqCABP6gzErGgwlXEXB1MzQel-74TbxAY0uIGH4D0RPVij1jVQJWD3o9GkxOGn1maN6jLtyyQhJJryth_R71H5HZ5d1uBOtFRdk_dWMD6yU6yoed3jtQmxxW8g\/s320\/IMG-20230512-WA0013.jpg\" width=\"320\" height=\"213\" border=\"0\" data-original-height=\"1066\" data-original-width=\"1600\" src=\"data:image\/svg+xml;base64,PHN2ZyB3aWR0aD0iMSIgaGVpZ2h0PSIxIiB4bWxucz0iaHR0cDovL3d3dy53My5vcmcvMjAwMC9zdmciPjwvc3ZnPg==\" class=\"lazyload\" style=\"--smush-placeholder-width: 320px; --smush-placeholder-aspect-ratio: 320\/213;\" \/><\/a><\/div>\n<p style=\"text-align: justify;\">Explic\u00f3 que entre los medicamentos e insumos donados se encuentran silla de ruedas, mascarillas, lentes de sol, as\u00ed como miles de medicamentos antihipertensivos, antigripales y otras variedades.<\/p>\n<p style=\"text-align: justify;\">Agreg\u00f3 que tambi\u00e9n fueron entregados miles de unidades de Victoli, fruticasonas, quintamisina, vitaminas prenatales, Buspirona, batas para cirujanos, lentes, alcohol, guantes, entre otros medicamentos y utensilios necesarios para el d\u00eda a d\u00eda y tratar complicaciones m\u00e1s serias.<\/p>\n<p style=\"text-align: justify;\">Al t\u00e9rmino de la actividad que se llev\u00f3 a cabo en las instalaciones de la Sede Central de la DIGEV, en Santo Domingo Este, el director de las Escuelas Vocacionales, Mayor General ERD., Ota\u00f1o Jim\u00e9nez, recorri\u00f3 junto a Pe\u00f1a Guaba y Moringlane las distintas \u00e1reas y talleres de la citada instituci\u00f3n t\u00e9cnica.<\/p>\n<div class=\"separator\" style=\"text-align: justify;\"><a href=\"https:\/\/blogger.googleusercontent.com\/img\/b\/R29vZ2xl\/AVvXsEjN8akUxxjL72k52VnR92wvd_cjR0cnWOBNXjmKmsoFlXogFPKMETn6NknSbg6xDEDlGGphC4ths8faQug5P3u9hqCCI_RusX65dDzVJjA0_bKBNDnLXlc7CuPcXBuq-zftUDbHDt4xmcLuPBiZ-WepoQTDTIX2GZC9SwYV6V2t9ga4_yqAYBydr299hA\/s1600\/IMG-20230512-WA0007.jpg\"><img decoding=\"async\" data-src=\"https:\/\/blogger.googleusercontent.com\/img\/b\/R29vZ2xl\/AVvXsEjN8akUxxjL72k52VnR92wvd_cjR0cnWOBNXjmKmsoFlXogFPKMETn6NknSbg6xDEDlGGphC4ths8faQug5P3u9hqCCI_RusX65dDzVJjA0_bKBNDnLXlc7CuPcXBuq-zftUDbHDt4xmcLuPBiZ-WepoQTDTIX2GZC9SwYV6V2t9ga4_yqAYBydr299hA\/s320\/IMG-20230512-WA0007.jpg\" width=\"320\" height=\"213\" border=\"0\" data-original-height=\"1066\" data-original-width=\"1600\" src=\"data:image\/svg+xml;base64,PHN2ZyB3aWR0aD0iMSIgaGVpZ2h0PSIxIiB4bWxucz0iaHR0cDovL3d3dy53My5vcmcvMjAwMC9zdmciPjwvc3ZnPg==\" class=\"lazyload\" style=\"--smush-placeholder-width: 320px; --smush-placeholder-aspect-ratio: 320\/213;\" \/><\/a><\/div>\n<p style=\"text-align: justify;\">En el recorrido estuvieron presente, adem\u00e1s, por la DIGEV, el inspector general de la Escuela Vocacional de Santo Domingo Este, Coronel ERD., Manuel Carrasco; el director Financiero, Mayor ERD., Tom\u00e1s Mart\u00ednez y el encargado de Compras, Capit\u00e1n ERD., San Familia.<\/p>\n<div class=\"separator\" style=\"text-align: justify;\"><a href=\"https:\/\/blogger.googleusercontent.com\/img\/b\/R29vZ2xl\/AVvXsEhP0oPcmyymy4uLD9hbK9jSq1aJ9jgp8ompzVv7iS9gy4uCYvjaLdlPCf59ZuxV7NiMn-No8m5gPgFpEdRWjbf9uiysqwq73OfHRdMyGLsmruHAMBjm8K0nyA8kK0GNZ6Mc33AZzrlixPIj4Pm8X3z01cjhQye5U7Q6g_1aQTdWeSv6tb5pLFb9YQgsSA\/s1600\/IMG-20230512-WA0008.jpg\"><img decoding=\"async\" data-src=\"https:\/\/blogger.googleusercontent.com\/img\/b\/R29vZ2xl\/AVvXsEhP0oPcmyymy4uLD9hbK9jSq1aJ9jgp8ompzVv7iS9gy4uCYvjaLdlPCf59ZuxV7NiMn-No8m5gPgFpEdRWjbf9uiysqwq73OfHRdMyGLsmruHAMBjm8K0nyA8kK0GNZ6Mc33AZzrlixPIj4Pm8X3z01cjhQye5U7Q6g_1aQTdWeSv6tb5pLFb9YQgsSA\/s320\/IMG-20230512-WA0008.jpg\" width=\"320\" height=\"213\" border=\"0\" data-original-height=\"1066\" data-original-width=\"1600\" src=\"data:image\/svg+xml;base64,PHN2ZyB3aWR0aD0iMSIgaGVpZ2h0PSIxIiB4bWxucz0iaHR0cDovL3d3dy53My5vcmcvMjAwMC9zdmciPjwvc3ZnPg==\" class=\"lazyload\" style=\"--smush-placeholder-width: 320px; --smush-placeholder-aspect-ratio: 320\/213;\" \/><\/a><\/div>\n<div class=\"separator\" style=\"text-align: justify;\"><a href=\"https:\/\/blogger.googleusercontent.com\/img\/b\/R29vZ2xl\/AVvXsEjjVae5ujjsfcVtygO4N6b1-yZ8U9Yo6RplHXiIGNPW3uP4Baodso2jCOOW8r-hqsoD7uwsUEcuSrb5DHxEeA2wPnWQKsaeCGCVGiA2oLaILY5fp5b7m4Pe7TNOKeurm-t15j5mOMpXCpU0Kdbh6G9RP3qk5qMhVEBUgBLNJRxkzlVRlgpqSGNybf2Psg\/s1600\/IMG-20230512-WA0015.jpg\"><img decoding=\"async\" data-src=\"https:\/\/blogger.googleusercontent.com\/img\/b\/R29vZ2xl\/AVvXsEjjVae5ujjsfcVtygO4N6b1-yZ8U9Yo6RplHXiIGNPW3uP4Baodso2jCOOW8r-hqsoD7uwsUEcuSrb5DHxEeA2wPnWQKsaeCGCVGiA2oLaILY5fp5b7m4Pe7TNOKeurm-t15j5mOMpXCpU0Kdbh6G9RP3qk5qMhVEBUgBLNJRxkzlVRlgpqSGNybf2Psg\/s320\/IMG-20230512-WA0015.jpg\" width=\"320\" height=\"213\" border=\"0\" data-original-height=\"1066\" data-original-width=\"1600\" src=\"data:image\/svg+xml;base64,PHN2ZyB3aWR0aD0iMSIgaGVpZ2h0PSIxIiB4bWxucz0iaHR0cDovL3d3dy53My5vcmcvMjAwMC9zdmciPjwvc3ZnPg==\" class=\"lazyload\" style=\"--smush-placeholder-width: 320px; --smush-placeholder-aspect-ratio: 320\/213;\" \/><\/a><\/div>\n<p style=\"text-align: justify;\">\n<div class=\"separator\" style=\"text-align: justify;\"><a href=\"https:\/\/blogger.googleusercontent.com\/img\/b\/R29vZ2xl\/AVvXsEhWNFGyCJ31rm7NZs9huedKJ9y2z7eMhX0SkPbMWU-p5KC7q7A2-xvuG1nqt39X_cu4QWyIad85sX2hyt_AMhVuGSi7KtpMNeStPZJntSjI0FJSREodkCGSwz-hMjYOq4IGUr98Grl4GvzDUiGBhq3DZpF85AOMP7V2BDRxt0Oj2oKFvt4ANLralZHOkw\/s1600\/IMG-20230512-WA0017.jpg\"><img decoding=\"async\" data-src=\"https:\/\/blogger.googleusercontent.com\/img\/b\/R29vZ2xl\/AVvXsEhWNFGyCJ31rm7NZs9huedKJ9y2z7eMhX0SkPbMWU-p5KC7q7A2-xvuG1nqt39X_cu4QWyIad85sX2hyt_AMhVuGSi7KtpMNeStPZJntSjI0FJSREodkCGSwz-hMjYOq4IGUr98Grl4GvzDUiGBhq3DZpF85AOMP7V2BDRxt0Oj2oKFvt4ANLralZHOkw\/s320\/IMG-20230512-WA0017.jpg\" width=\"320\" height=\"213\" border=\"0\" data-original-height=\"1066\" data-original-width=\"1600\" src=\"data:image\/svg+xml;base64,PHN2ZyB3aWR0aD0iMSIgaGVpZ2h0PSIxIiB4bWxucz0iaHR0cDovL3d3dy53My5vcmcvMjAwMC9zdmciPjwvc3ZnPg==\" class=\"lazyload\" style=\"--smush-placeholder-width: 320px; --smush-placeholder-aspect-ratio: 320\/213;\" \/><\/a><\/div>\n<p style=\"text-align: justify;\">\n<div class=\"separator\" style=\"text-align: justify;\"><a href=\"https:\/\/blogger.googleusercontent.com\/img\/b\/R29vZ2xl\/AVvXsEjw-Q7p04j-gC9RAa3jFIc4RKtcXNl2m1TbD9q4qKn4gPJTeLXwlLyr3QJh2DoH0iORf1GcawoGYe7BacpG32lxLInFWbqyaIZUw0zsKhcw3BndF2RTglfpVqX7cC0q5g_nxBDCHCfhxRzFRhZKsQ1pB2Yq6SzXEYifq6KBr-S0NbJOAx2ql1HnPTD0QA\/s1600\/IMG-20230512-WA0005.jpg\"><img decoding=\"async\" data-src=\"https:\/\/blogger.googleusercontent.com\/img\/b\/R29vZ2xl\/AVvXsEjw-Q7p04j-gC9RAa3jFIc4RKtcXNl2m1TbD9q4qKn4gPJTeLXwlLyr3QJh2DoH0iORf1GcawoGYe7BacpG32lxLInFWbqyaIZUw0zsKhcw3BndF2RTglfpVqX7cC0q5g_nxBDCHCfhxRzFRhZKsQ1pB2Yq6SzXEYifq6KBr-S0NbJOAx2ql1HnPTD0QA\/s320\/IMG-20230512-WA0005.jpg\" width=\"320\" height=\"213\" border=\"0\" data-original-height=\"1066\" data-original-width=\"1600\" src=\"data:image\/svg+xml;base64,PHN2ZyB3aWR0aD0iMSIgaGVpZ2h0PSIxIiB4bWxucz0iaHR0cDovL3d3dy53My5vcmcvMjAwMC9zdmciPjwvc3ZnPg==\" class=\"lazyload\" style=\"--smush-placeholder-width: 320px; --smush-placeholder-aspect-ratio: 320\/213;\" \/><\/a><\/div>\n<div style=\"text-align: justify;\"><\/div>\n<div style=\"text-align: justify;\">Fuente: Prensa DIGEV<\/div>\n","protected":false},"excerpt":{"rendered":"<p>Por Felix Rubio Santo Domingo Este.- La Direcci\u00f3n General de las Escuelas Vocacionales de las<\/p>\n","protected":false},"author":1,"featured_media":0,"comment_status":"open","ping_status":"open","sticky":false,"template":"","format":"standard","meta":{"footnotes":""},"categories":[7],"tags":[],"class_list":["post-4906","post","type-post","status-publish","format-standard","hentry","category-nacionales"],"_links":{"self":[{"href":"https:\/\/defrentealaverdad.com\/index.php\/wp-json\/wp\/v2\/posts\/4906","targetHints":{"allow":["GET"]}}],"collection":[{"href":"https:\/\/defrentealaverdad.com\/index.php\/wp-json\/wp\/v2\/posts"}],"about":[{"href":"https:\/\/defrentealaverdad.com\/index.php\/wp-json\/wp\/v2\/types\/post"}],"author":[{"embeddable":true,"href":"https:\/\/defrentealaverdad.com\/index.php\/wp-json\/wp\/v2\/users\/1"}],"replies":[{"embeddable":true,"href":"https:\/\/defrentealaverdad.com\/index.php\/wp-json\/wp\/v2\/comments?post=4906"}],"version-history":[{"count":2,"href":"https:\/\/defrentealaverdad.com\/index.php\/wp-json\/wp\/v2\/posts\/4906\/revisions"}],"predecessor-version":[{"id":4908,"href":"https:\/\/defrentealaverdad.com\/index.php\/wp-json\/wp\/v2\/posts\/4906\/revisions\/4908"}],"wp:attachment":[{"href":"https:\/\/defrentealaverdad.com\/index.php\/wp-json\/wp\/v2\/media?parent=4906"}],"wp:term":[{"taxonomy":"category","embeddable":true,"href":"https:\/\/defrentealaverdad.com\/index.php\/wp-json\/wp\/v2\/categories?post=4906"},{"taxonomy":"post_tag","embeddable":true,"href":"https:\/\/defrentealaverdad.com\/index.php\/wp-json\/wp\/v2\/tags?post=4906"}],"curies":[{"name":"wp","href":"https:\/\/api.w.org\/{rel}","templated":true}]}}