{"id":49023,"date":"2025-09-19T10:31:20","date_gmt":"2025-09-19T10:31:20","guid":{"rendered":"https:\/\/defrentealaverdad.com\/?p=49023"},"modified":"2025-09-21T00:34:13","modified_gmt":"2025-09-21T00:34:13","slug":"el-talento-local-alcanza-su-maxima-grandeza-en-nueva-temporada-de-dominicanas-got-talent","status":"publish","type":"post","link":"https:\/\/defrentealaverdad.com\/index.php\/2025\/09\/19\/el-talento-local-alcanza-su-maxima-grandeza-en-nueva-temporada-de-dominicanas-got-talent\/","title":{"rendered":"El talento local alcanza su m\u00e1xima grandeza en nueva temporada de Dominicana\u2019s Got Talent"},"content":{"rendered":"<p style=\"text-align: justify;\">SANTO DOMINGO.- Dominicana\u2019s Got Talent acaba de vivir uno de sus momentos m\u00e1s importantes: las primeras grabaciones de dos de sus etapas, que ser\u00e1n televisadas en octubre para que la familia dominicana sea testigo de que el pa\u00eds est\u00e1 lleno de historias y destrezas que no caben en un solo escenario.<\/p>\n<p style=\"text-align: justify;\">Es que, durante diez d\u00edas corridos, m\u00e1s de 8 mil personas asistieron como p\u00fablico para ver de cerca c\u00f3mo m\u00e1s de 200 actos pon\u00edan a prueba imaginaci\u00f3n, coraje y disciplina: desde cantantes y bailarines, hasta magos, c\u00f3micos y n\u00fameros de riesgo nunca antes vistos en la televisi\u00f3n local. Un inicio que dej\u00f3 claro que esta edici\u00f3n no tiene vuelta atr\u00e1s: el talento dominicano est\u00e1 listo para medirse con cualquiera, en cualquier escenario.<\/p>\n<p><strong>La visi\u00f3n de sus productores<\/strong><\/p>\n<p style=\"text-align: justify;\">Tuto Guerrero, el productor, lo tiene claro:<\/p>\n<blockquote>\n<p style=\"text-align: center;\">\u201cEs imposible comprimir lo que vivimos en esos d\u00edas. No hab\u00eda horas suficientes para todo lo que este pa\u00eds ten\u00eda que mostrar\u201d.<\/p>\n<\/blockquote>\n<p style=\"text-align: justify;\">Junto a \u00e9l, Gilberto Morillo, Nashla Bogaert y David Maler conforman el equipo de producci\u00f3n ejecutiva que sostiene este formato. Para los cuatro, DGT ha transformado la manera en que se consume el arte dominicano en televisi\u00f3n. En sus propias palabras:<\/p>\n<blockquote>\n<p style=\"text-align: center; padding-left: 40px;\">\u201cCada temporada nos convence m\u00e1s de que este escenario no es solo entretenimiento, es un reflejo del gran potencial que tenemos como pa\u00eds\u201d.<\/p>\n<\/blockquote>\n<p><strong>Una temporada marcada por la grandeza<\/strong><\/p>\n<p style=\"text-align: justify;\">Como es bien sabido, el jurado de esta tercera temporada re\u00fane a cuatro voces reconocidas: Nashla Bogaert, Waddys J\u00e1quez, Pamela Sued e Irving Alberti; acompa\u00f1ados en la conducci\u00f3n por Enrique Quailey y Lorenna Pierre. Para todos ellos, lo vivido en esta etapa es la mejor antesala de lo que promete ser una temporada hist\u00f3rica.<\/p>\n<blockquote>\n<p style=\"text-align: center;\">\u201cEn esta temporada, hemos visto las cosas m\u00e1s incre\u00edbles que hemos presenciado en nuestras vidas. El pueblo dominicano estar\u00e1 tan orgulloso como nosotros de ver tanto talento y diversidad en este escenario\u201d, coincidieron Nashla y Pamela.<\/p>\n<\/blockquote>\n<p style=\"text-align: justify;\">Mientras Waddys, con la seguridad que lo caracteriza, lo resumi\u00f3 en que este programa es definitivamente un aporte a la industria del arte:<\/p>\n<blockquote>\n<p style=\"text-align: center;\">\u201cTan pronto empec\u00e9 a ver los talentos que llegaron para audicionar, me di cuenta de que esta temporada va a ser grandiosa para la industria del arte de la Rep\u00fablica Dominicana, porque tenemos grandes talentos en todas las \u00e1reas\u2019.<\/p>\n<\/blockquote>\n<p style=\"text-align: justify;\">En su debut como jurado, Irving destac\u00f3 la magnitud de lo visto:<\/p>\n<blockquote>\n<p style=\"text-align: center;\">\u201cSer parte de este proyecto fue una experiencia maravillosa. Reconocer que en nuestro pa\u00eds hay tanto talento es un orgullo inmenso. Las cosas que tenemos aqu\u00ed dif\u00edcilmente las encuentras en otro lugar\u201d.<\/p>\n<\/blockquote>\n<p style=\"text-align: justify;\">Para los tambi\u00e9n debutantes Lorenna y Enrique, estar frente a tantas historias fue una experiencia que los toc\u00f3 de manera personal. Ambos coincidieron en que lo vivido sobre ese escenario no solo fue espect\u00e1culo: fue un recordatorio de la valent\u00eda y la resiliencia con la que los dominicanos defienden sus sue\u00f1os.<\/p>\n<p style=\"text-align: justify;\"><strong>Una gran colaboraci\u00f3n, para un gran premio<\/strong><\/p>\n<p style=\"text-align: justify;\">El reality show, que involucr\u00f3 a m\u00e1s de 420 colaboradores en su producci\u00f3n, ser\u00e1 transmitido por Color Visi\u00f3n con el premio m\u00e1s grande que se ha dado hasta la fecha en la historia de los reality shows en Rep\u00fablica Dominicana: RD$3,000,000.00.<\/p>\n<blockquote>\n<p style=\"text-align: center;\">\u201cPara m\u00ed, este ser\u00e1 el mejor a\u00f1o en cuanto a talento diverso. Estamos frente a una temporada que quedar\u00e1 marcada\u201d, concluy\u00f3 Guerrero.<\/p>\n<\/blockquote>\n<p>Fuente: Equipo Dominicana\u2019s Got Talent<\/p>\n","protected":false},"excerpt":{"rendered":"<p>SANTO DOMINGO.- Dominicana\u2019s Got Talent acaba de vivir uno de sus momentos m\u00e1s importantes: las<\/p>\n","protected":false},"author":4,"featured_media":49024,"comment_status":"open","ping_status":"open","sticky":false,"template":"","format":"standard","meta":{"footnotes":""},"categories":[249],"tags":[],"class_list":["post-49023","post","type-post","status-publish","format-standard","has-post-thumbnail","hentry","category-farandula"],"_links":{"self":[{"href":"https:\/\/defrentealaverdad.com\/index.php\/wp-json\/wp\/v2\/posts\/49023","targetHints":{"allow":["GET"]}}],"collection":[{"href":"https:\/\/defrentealaverdad.com\/index.php\/wp-json\/wp\/v2\/posts"}],"about":[{"href":"https:\/\/defrentealaverdad.com\/index.php\/wp-json\/wp\/v2\/types\/post"}],"author":[{"embeddable":true,"href":"https:\/\/defrentealaverdad.com\/index.php\/wp-json\/wp\/v2\/users\/4"}],"replies":[{"embeddable":true,"href":"https:\/\/defrentealaverdad.com\/index.php\/wp-json\/wp\/v2\/comments?post=49023"}],"version-history":[{"count":1,"href":"https:\/\/defrentealaverdad.com\/index.php\/wp-json\/wp\/v2\/posts\/49023\/revisions"}],"predecessor-version":[{"id":49025,"href":"https:\/\/defrentealaverdad.com\/index.php\/wp-json\/wp\/v2\/posts\/49023\/revisions\/49025"}],"wp:featuredmedia":[{"embeddable":true,"href":"https:\/\/defrentealaverdad.com\/index.php\/wp-json\/wp\/v2\/media\/49024"}],"wp:attachment":[{"href":"https:\/\/defrentealaverdad.com\/index.php\/wp-json\/wp\/v2\/media?parent=49023"}],"wp:term":[{"taxonomy":"category","embeddable":true,"href":"https:\/\/defrentealaverdad.com\/index.php\/wp-json\/wp\/v2\/categories?post=49023"},{"taxonomy":"post_tag","embeddable":true,"href":"https:\/\/defrentealaverdad.com\/index.php\/wp-json\/wp\/v2\/tags?post=49023"}],"curies":[{"name":"wp","href":"https:\/\/api.w.org\/{rel}","templated":true}]}}