{"id":4902,"date":"2023-05-12T12:39:13","date_gmt":"2023-05-12T12:39:13","guid":{"rendered":"https:\/\/defrentealaverdad.com\/?p=4902"},"modified":"2023-05-12T12:39:13","modified_gmt":"2023-05-12T12:39:13","slug":"gran-debut-mundial-de-claudiess","status":"publish","type":"post","link":"https:\/\/defrentealaverdad.com\/index.php\/2023\/05\/12\/gran-debut-mundial-de-claudiess\/","title":{"rendered":"Gran Debut Mundial de Claudiess"},"content":{"rendered":"<p><img decoding=\"async\" class=\"alignnone size-medium wp-image-4903 lazyload\" data-src=\"https:\/\/defrentealaverdad.com\/wp-content\/uploads\/2023\/05\/WhatsApp-Image-2023-05-10-at-20.53.26-200x300.jpeg\" alt=\"\" width=\"200\" height=\"300\" data-srcset=\"https:\/\/defrentealaverdad.com\/wp-content\/uploads\/2023\/05\/WhatsApp-Image-2023-05-10-at-20.53.26-200x300.jpeg 200w, https:\/\/defrentealaverdad.com\/wp-content\/uploads\/2023\/05\/WhatsApp-Image-2023-05-10-at-20.53.26.jpeg 683w\" data-sizes=\"(max-width: 200px) 100vw, 200px\" src=\"data:image\/svg+xml;base64,PHN2ZyB3aWR0aD0iMSIgaGVpZ2h0PSIxIiB4bWxucz0iaHR0cDovL3d3dy53My5vcmcvMjAwMC9zdmciPjwvc3ZnPg==\" style=\"--smush-placeholder-width: 200px; --smush-placeholder-aspect-ratio: 200\/300;\" \/><\/p>\n<p style=\"text-align: justify;\">Claudiess, es una talentosa cantante y compositora \u00cdtalo Dominicana, con muchos a\u00f1os de experiencia en el mundo de la m\u00fasica, poseedora de una versatilidad vocal, que le permite incursionar en distintos g\u00e9neros; en esta ocasi\u00f3n se afianza en un estilo Pop Tropical a trav\u00e9s del cual fusiona distintas tendencias, aproxim\u00e1ndose con solidez al gusto de un p\u00fablico \u00e1vido de nuevas propuestas.<\/p>\n<p style=\"text-align: justify;\">El 13 de mayo del 2023, a las 6:00 pm es la fecha y horario en el que se realizar\u00e1 el Gran Debut Oficial para todo el planeta, de esta\u00a0 talentosa artista y lo har\u00e1 desde las instalaciones de AC Punta Cana by Marriott, un Hotel acogedor, elegante y con instalaciones 5 estrellas, en donde el ambiente sofisticado y con sensaci\u00f3n tropical, es el lugar perfecto para disfrutar de una velada magn\u00edfica, para la proyecci\u00f3n de un talento cuyo inter\u00e9s es identificarse e\u00a0 identificar un a pa\u00eds como lo es Rep\u00fablica Dominicana, que lo tiene todo.<\/p>\n<p style=\"text-align: justify;\">Esta artista caracterizada por su inquietud, siempre en b\u00fasqueda de elementos renovadores, ya nos ha deleitado con distintas creaciones como el remix en espa\u00f1ol de \u201cBla, Bla,Bla\u201d (2021) producido por Mota y Bro Music, \u201cMaldito Cupido\u201d (2022) producido por Francesco Cardillo \u2013 Music Factor, Max Rosati &#8211; R y Estudio Recording y Bro Music\u00a0 y su nuevo sencillo \u201cMis Besos\u201d (2023) producido por Maurizio Pinna \u2013 Soundroom, Dj Stanley y Bro Music.<\/p>\n<p style=\"text-align: justify;\">La obra creada por esta artista, es un reflejo de la Cultura Pop en la que se destaca el calor humano y el sonido vibrante del tr\u00f3pico, adem\u00e1s de ser parte identificativa, como lo dir\u00eda el Poeta Pedro Mir, de \u201cun pa\u00eds colocado en el mismo trayecto del sol\u201d, s\u00f3lo queda conocerla, reconocerla y disfrutarla, ella es Claudiess.<\/p>\n<p style=\"text-align: justify;\">\n<p style=\"text-align: justify;\">Fuente: Kristy Rodr\u00edguez Cuevas<\/p>\n<p style=\"text-align: justify;\">\n<p>&nbsp;<\/p>\n","protected":false},"excerpt":{"rendered":"<p>Claudiess, es una talentosa cantante y compositora \u00cdtalo Dominicana, con muchos a\u00f1os de experiencia en<\/p>\n","protected":false},"author":1,"featured_media":0,"comment_status":"open","ping_status":"open","sticky":false,"template":"","format":"standard","meta":{"footnotes":""},"categories":[6,7],"tags":[],"class_list":["post-4902","post","type-post","status-publish","format-standard","hentry","category-espectaculos","category-nacionales"],"_links":{"self":[{"href":"https:\/\/defrentealaverdad.com\/index.php\/wp-json\/wp\/v2\/posts\/4902","targetHints":{"allow":["GET"]}}],"collection":[{"href":"https:\/\/defrentealaverdad.com\/index.php\/wp-json\/wp\/v2\/posts"}],"about":[{"href":"https:\/\/defrentealaverdad.com\/index.php\/wp-json\/wp\/v2\/types\/post"}],"author":[{"embeddable":true,"href":"https:\/\/defrentealaverdad.com\/index.php\/wp-json\/wp\/v2\/users\/1"}],"replies":[{"embeddable":true,"href":"https:\/\/defrentealaverdad.com\/index.php\/wp-json\/wp\/v2\/comments?post=4902"}],"version-history":[{"count":1,"href":"https:\/\/defrentealaverdad.com\/index.php\/wp-json\/wp\/v2\/posts\/4902\/revisions"}],"predecessor-version":[{"id":4904,"href":"https:\/\/defrentealaverdad.com\/index.php\/wp-json\/wp\/v2\/posts\/4902\/revisions\/4904"}],"wp:attachment":[{"href":"https:\/\/defrentealaverdad.com\/index.php\/wp-json\/wp\/v2\/media?parent=4902"}],"wp:term":[{"taxonomy":"category","embeddable":true,"href":"https:\/\/defrentealaverdad.com\/index.php\/wp-json\/wp\/v2\/categories?post=4902"},{"taxonomy":"post_tag","embeddable":true,"href":"https:\/\/defrentealaverdad.com\/index.php\/wp-json\/wp\/v2\/tags?post=4902"}],"curies":[{"name":"wp","href":"https:\/\/api.w.org\/{rel}","templated":true}]}}