{"id":49017,"date":"2025-09-19T10:21:55","date_gmt":"2025-09-19T10:21:55","guid":{"rendered":"https:\/\/defrentealaverdad.com\/?p=49017"},"modified":"2025-09-21T00:25:30","modified_gmt":"2025-09-21T00:25:30","slug":"hospital-moscoso-puello-celebra-con-exito-el-5to-zumbaton-cuida-tu-corazon-2025","status":"publish","type":"post","link":"https:\/\/defrentealaverdad.com\/index.php\/2025\/09\/19\/hospital-moscoso-puello-celebra-con-exito-el-5to-zumbaton-cuida-tu-corazon-2025\/","title":{"rendered":"Hospital Moscoso Puello celebra con \u00e9xito el 5to Zumbat\u00f3n \u201cCuida tu coraz\u00f3n 2025\u201d"},"content":{"rendered":"<p style=\"text-align: justify;\">Santo Domingo, R.D. \u2013 Con gran entusiasmo y participaci\u00f3n comunitaria, la Residencia de Medicina Familiar y Comunitaria del Hospital Dr. Francisco E. Moscoso Puello, con el respaldo del Ministerio de Deportes, realiz\u00f3 este jueves 18 de septiembre de 2025 el 5to Zumbat\u00f3n \u201cCuida tu coraz\u00f3n\u201d, una jornada destinada a promover la salud cardiovascular mediante el ejercicio, la diversi\u00f3n en familia y la integraci\u00f3n comunitaria.<\/p>\n<p style=\"text-align: justify;\">Dr. Alex Rodr\u00edguez, director del hospital, expres\u00f3:<\/p>\n<blockquote>\n<p style=\"text-align: center;\">\u201cEste Zumbat\u00f3n refleja nuestro compromiso con la salud de la comunidad y la promoci\u00f3n de estilos de vida activos y saludables. Ver a tantas personas unidas por el cuidado de su coraz\u00f3n nos llena de satisfacci\u00f3n. Agradecemos a todos los participantes por sumarse a esta iniciativa y contribuir al bienestar de su salud cardiovascular, as\u00ed como al Ministerio de Deportes y a nuestro personal por su apoyo constante en la realizaci\u00f3n de esta jornada\u201d.<\/p>\n<\/blockquote>\n<p style=\"text-align: justify;\">En el acto estuvieron presentes la subdirectora m\u00e9dica, Dra. Scarlett M. Camacho; la jefa de Ense\u00f1anza, Dra. Luc\u00eda Giselle Arias de la Cruz; as\u00ed como la coordinadora de la Residencia de Medicina Familiar y Comunitaria, Dra. Kenia Mart\u00ednez, representada por el Dr. Silvio M\u00e9ndez, MA. Por el Ministerio de Deportes asistieron el director Kelvin Cruz, en representaci\u00f3n del viceministro Leopoldo L\u00f3pez Soler, y el director de Actividades F\u00edsicas y Recreativas, Evaristo P\u00e9rez.<\/p>\n<p style=\"text-align: justify;\">El evento cont\u00f3 con la participaci\u00f3n de decenas de personas de todas las edades, quienes disfrutaron de una clase de zumba llena de energ\u00eda y motivaci\u00f3n.<\/p>\n<p style=\"text-align: justify;\">La jornada concluy\u00f3 con un mensaje de concienciaci\u00f3n sobre la importancia de mantener h\u00e1bitos saludables, as\u00ed como con el reconocimiento a los instructores y colaboradores que hicieron posible la actividad.<\/p>\n<p style=\"text-align: justify;\">El Hospital Dr. Francisco E. Moscoso Puello reafirma su misi\u00f3n de promover la salud integral de la poblaci\u00f3n mediante programas educativos, preventivos y de bienestar, invitando a la comunidad a participar en futuras iniciativas que contribuyan al cuidado de su salud.<\/p>\n<p style=\"text-align: justify;\">Fuente: Hospital Dr. Francisco E. Moscoso Puello<\/p>\n","protected":false},"excerpt":{"rendered":"<p>Santo Domingo, R.D. \u2013 Con gran entusiasmo y participaci\u00f3n comunitaria, la Residencia de Medicina Familiar<\/p>\n","protected":false},"author":1,"featured_media":49018,"comment_status":"open","ping_status":"open","sticky":false,"template":"","format":"standard","meta":{"footnotes":""},"categories":[221],"tags":[],"class_list":["post-49017","post","type-post","status-publish","format-standard","has-post-thumbnail","hentry","category-salud"],"_links":{"self":[{"href":"https:\/\/defrentealaverdad.com\/index.php\/wp-json\/wp\/v2\/posts\/49017","targetHints":{"allow":["GET"]}}],"collection":[{"href":"https:\/\/defrentealaverdad.com\/index.php\/wp-json\/wp\/v2\/posts"}],"about":[{"href":"https:\/\/defrentealaverdad.com\/index.php\/wp-json\/wp\/v2\/types\/post"}],"author":[{"embeddable":true,"href":"https:\/\/defrentealaverdad.com\/index.php\/wp-json\/wp\/v2\/users\/1"}],"replies":[{"embeddable":true,"href":"https:\/\/defrentealaverdad.com\/index.php\/wp-json\/wp\/v2\/comments?post=49017"}],"version-history":[{"count":1,"href":"https:\/\/defrentealaverdad.com\/index.php\/wp-json\/wp\/v2\/posts\/49017\/revisions"}],"predecessor-version":[{"id":49019,"href":"https:\/\/defrentealaverdad.com\/index.php\/wp-json\/wp\/v2\/posts\/49017\/revisions\/49019"}],"wp:featuredmedia":[{"embeddable":true,"href":"https:\/\/defrentealaverdad.com\/index.php\/wp-json\/wp\/v2\/media\/49018"}],"wp:attachment":[{"href":"https:\/\/defrentealaverdad.com\/index.php\/wp-json\/wp\/v2\/media?parent=49017"}],"wp:term":[{"taxonomy":"category","embeddable":true,"href":"https:\/\/defrentealaverdad.com\/index.php\/wp-json\/wp\/v2\/categories?post=49017"},{"taxonomy":"post_tag","embeddable":true,"href":"https:\/\/defrentealaverdad.com\/index.php\/wp-json\/wp\/v2\/tags?post=49017"}],"curies":[{"name":"wp","href":"https:\/\/api.w.org\/{rel}","templated":true}]}}