{"id":48968,"date":"2025-09-19T09:12:25","date_gmt":"2025-09-19T09:12:25","guid":{"rendered":"https:\/\/defrentealaverdad.com\/?p=48968"},"modified":"2025-09-20T23:14:07","modified_gmt":"2025-09-20T23:14:07","slug":"durante-patrullaje-en-mao-detienen-a-30-nacionales-haitianos-y-ocupan-ocho-motocicletas","status":"publish","type":"post","link":"https:\/\/defrentealaverdad.com\/index.php\/2025\/09\/19\/durante-patrullaje-en-mao-detienen-a-30-nacionales-haitianos-y-ocupan-ocho-motocicletas\/","title":{"rendered":"Durante patrullaje en Mao detienen a 30 nacionales haitianos y ocupan ocho motocicletas"},"content":{"rendered":"<p style=\"text-align: justify;\">Por Felix Rubio<\/p>\n<p style=\"text-align: justify;\"><strong>Valverde, RD<\/strong> \u2013 El Ej\u00e9rcito de Rep\u00fablica Dominicana inform\u00f3 la ocupaci\u00f3n de ocho (8) motocicletas de diferentes marcas y la detenci\u00f3n de treinta (30) nacionales haitianos en condici\u00f3n migratoria irregular, durante varios operativos realizados en las comunidades de Hatillo Palma, Las Caobas y Mao, provincia Valverde.<\/p>\n<p style=\"text-align: justify;\">Las operaciones fueron desarrolladas por miembros del ERD, en el marco de la estrategia institucional para garantizar la seguridad fronteriza, la interdicci\u00f3n migratoria y el combate al contrabando il\u00edcito.<\/p>\n<p style=\"text-align: justify;\">Entre los detenidos se encuentran 26 hombres y 4 mujeres, quienes junto a las motocicletas ocupadas fueron trasladados bajo custodia hacia Mao, donde se encuentra la sede de la 4ta. Brigada de Infanter\u00eda del ERD, para los fines legales correspondientes.<\/p>\n<p>&nbsp;<\/p>\n<p>Fuente: Ej\u00e9rcito de Rep\u00fablica Dominicana<\/p>\n","protected":false},"excerpt":{"rendered":"<p>Por Felix Rubio Valverde, RD \u2013 El Ej\u00e9rcito de Rep\u00fablica Dominicana inform\u00f3 la ocupaci\u00f3n de<\/p>\n","protected":false},"author":1,"featured_media":48969,"comment_status":"open","ping_status":"open","sticky":false,"template":"","format":"standard","meta":{"footnotes":""},"categories":[7],"tags":[],"class_list":["post-48968","post","type-post","status-publish","format-standard","has-post-thumbnail","hentry","category-nacionales"],"_links":{"self":[{"href":"https:\/\/defrentealaverdad.com\/index.php\/wp-json\/wp\/v2\/posts\/48968","targetHints":{"allow":["GET"]}}],"collection":[{"href":"https:\/\/defrentealaverdad.com\/index.php\/wp-json\/wp\/v2\/posts"}],"about":[{"href":"https:\/\/defrentealaverdad.com\/index.php\/wp-json\/wp\/v2\/types\/post"}],"author":[{"embeddable":true,"href":"https:\/\/defrentealaverdad.com\/index.php\/wp-json\/wp\/v2\/users\/1"}],"replies":[{"embeddable":true,"href":"https:\/\/defrentealaverdad.com\/index.php\/wp-json\/wp\/v2\/comments?post=48968"}],"version-history":[{"count":1,"href":"https:\/\/defrentealaverdad.com\/index.php\/wp-json\/wp\/v2\/posts\/48968\/revisions"}],"predecessor-version":[{"id":48970,"href":"https:\/\/defrentealaverdad.com\/index.php\/wp-json\/wp\/v2\/posts\/48968\/revisions\/48970"}],"wp:featuredmedia":[{"embeddable":true,"href":"https:\/\/defrentealaverdad.com\/index.php\/wp-json\/wp\/v2\/media\/48969"}],"wp:attachment":[{"href":"https:\/\/defrentealaverdad.com\/index.php\/wp-json\/wp\/v2\/media?parent=48968"}],"wp:term":[{"taxonomy":"category","embeddable":true,"href":"https:\/\/defrentealaverdad.com\/index.php\/wp-json\/wp\/v2\/categories?post=48968"},{"taxonomy":"post_tag","embeddable":true,"href":"https:\/\/defrentealaverdad.com\/index.php\/wp-json\/wp\/v2\/tags?post=48968"}],"curies":[{"name":"wp","href":"https:\/\/api.w.org\/{rel}","templated":true}]}}