{"id":48934,"date":"2025-09-19T11:20:41","date_gmt":"2025-09-19T11:20:41","guid":{"rendered":"https:\/\/defrentealaverdad.com\/?p=48934"},"modified":"2025-09-19T23:22:33","modified_gmt":"2025-09-19T23:22:33","slug":"infotep-consolida-su-liderazgo-con-certificacion-de-calidad-mundial-iso-90012015","status":"publish","type":"post","link":"https:\/\/defrentealaverdad.com\/index.php\/2025\/09\/19\/infotep-consolida-su-liderazgo-con-certificacion-de-calidad-mundial-iso-90012015\/","title":{"rendered":"INFOTEP consolida su liderazgo con certificaci\u00f3n de calidad mundial ISO 9001:2015"},"content":{"rendered":"<blockquote>\n<p style=\"text-align: center;\">Firma internacional de Panam\u00e1 reconoce cumplimiento de norma por m\u00e1s de 20 a\u00f1os<\/p>\n<\/blockquote>\n<p>&nbsp;<\/p>\n<p style=\"text-align: justify;\">Santo Domingo. \u2013 El Instituto Nacional de Formaci\u00f3n T\u00e9cnico Profesional (INFOTEP) fue reconocido por mantener la certificaci\u00f3n bajo la norma internacional ISO 9001:2015, que establece los requisitos que debe cumplir un Sistema de Gesti\u00f3n de la Calidad (SGC) a nivel mundial.<\/p>\n<p style=\"text-align: justify;\">Lil Chang, auditora l\u00edder de la firma SGS de Panam\u00e1 resalt\u00f3 los esfuerzos del INFOTEP en la provisi\u00f3n de productos y servicios que satisfacen los requisitos de los usuarios, destacando la mejora continua de sus procesos con eficacia y eficiencia.<\/p>\n<blockquote>\n<p style=\"text-align: center;\">\u201cHay que reconocer el esfuerzo que ha realizado el INFOTEP, durante estos m\u00e1s de 20 a\u00f1os en mantener la certificaci\u00f3n ISO 9001. De verdad han hecho un buen trabajo y es motivo de orgullo, pues no todas las empresas han logrado mantener esta certificaci\u00f3n.\u201d, expres\u00f3 una de las auditoras de la firma internacional.<\/p>\n<\/blockquote>\n<p><strong>Calidad y compromiso<\/strong><\/p>\n<p style=\"text-align: justify;\">Maira Morla, subdirectora general del INFOTEP, en representaci\u00f3n del director general, Rafael Santos Bad\u00eda, destac\u00f3 la importancia de mantener la excelencia en los servicios que ofrece la instituci\u00f3n.<\/p>\n<p style=\"text-align: justify;\">Resalt\u00f3 que el prestigio del INFOTEP se fortalece con la recertificaci\u00f3n ISO 9001:2015, al garantizar la calidad y confiabilidad de los servicios que ofrece la instituci\u00f3n.<\/p>\n<p style=\"text-align: justify;\">Subray\u00f3 que esta validaci\u00f3n internacional no solo respalda el compromiso de mejora continua, sino que tambi\u00e9n incrementa la confianza de las empresas que utilizan los programas y servicios del INFOTEP como referencia de excelencia.<\/p>\n<p style=\"text-align: justify;\">Estas declaraciones fueron ofrecidas al cierre de la auditor\u00eda externa de seguimiento realizada por la empresa, con el prop\u00f3sito de evaluar el cumplimiento y la efectividad del SGC en el INFOTEP.<\/p>\n<p style=\"text-align: justify;\">El proceso se llev\u00f3 a cabo del 15 al 17 de septiembre, abarcando el Dise\u00f1o, Desarrollo, Ejecuci\u00f3n y Evaluaci\u00f3n de la Formaci\u00f3n T\u00e9cnico Profesional, as\u00ed como el apoyo a la Competitividad Empresarial en la Oficina Nacional y en las Direcciones Regionales Oriental y Este.<\/p>\n<p style=\"text-align: justify;\">Asimismo, fueron evaluadas las \u00e1reas de Planificaci\u00f3n y Monitoreo, Auditor\u00edas Internas y acciones de mejoras, Enfoque al Cliente, Dise\u00f1o de Programas, Proyectos y Convenios, Desarrollo de Acciones Formativas, Certificaci\u00f3n y Validaci\u00f3n, Seguimiento a COS, Asesor\u00eda.<\/p>\n<p style=\"text-align: justify;\">Tambi\u00e9n Asistencia T\u00e9cnica a Empresas, Servicios de Capacitaci\u00f3n Empresarial, Soporte de Formaci\u00f3n Profesional, Gesti\u00f3n Humana, Servicios Generales, Abastecimiento, Tecnolog\u00eda y Sistemas de Informaci\u00f3n y Revisi\u00f3n por la Direcci\u00f3n.<\/p>\n<p style=\"text-align: justify;\">La evaluaci\u00f3n fue encabezada por la auditora l\u00edder de SGS de Panam\u00e1, Lil Chang, junto a su colega Mayan\u00edn Hern\u00e1ndez, quienes supervisaron la evaluaci\u00f3n del cumplimiento de las normas de calidad.<\/p>\n<p><strong>Mejora continua<\/strong><\/p>\n<p style=\"text-align: justify;\">Desde 2005, el INFOTEP ha implementado actualizaciones en sus procesos internos y en la prestaci\u00f3n de sus servicios, orient\u00e1ndose a satisfacer las necesidades de los sectores productivos del pa\u00eds y a capacitar trabajadores competentes para impulsar el desarrollo econ\u00f3mico y social de la Rep\u00fablica Dominicana.<\/p>\n<p>Fuente: Prensa INFOTEP<\/p>\n","protected":false},"excerpt":{"rendered":"<p>Firma internacional de Panam\u00e1 reconoce cumplimiento de norma por m\u00e1s de 20 a\u00f1os &nbsp; Santo<\/p>\n","protected":false},"author":2,"featured_media":48935,"comment_status":"open","ping_status":"open","sticky":false,"template":"","format":"standard","meta":{"footnotes":""},"categories":[7],"tags":[],"class_list":["post-48934","post","type-post","status-publish","format-standard","has-post-thumbnail","hentry","category-nacionales"],"_links":{"self":[{"href":"https:\/\/defrentealaverdad.com\/index.php\/wp-json\/wp\/v2\/posts\/48934","targetHints":{"allow":["GET"]}}],"collection":[{"href":"https:\/\/defrentealaverdad.com\/index.php\/wp-json\/wp\/v2\/posts"}],"about":[{"href":"https:\/\/defrentealaverdad.com\/index.php\/wp-json\/wp\/v2\/types\/post"}],"author":[{"embeddable":true,"href":"https:\/\/defrentealaverdad.com\/index.php\/wp-json\/wp\/v2\/users\/2"}],"replies":[{"embeddable":true,"href":"https:\/\/defrentealaverdad.com\/index.php\/wp-json\/wp\/v2\/comments?post=48934"}],"version-history":[{"count":1,"href":"https:\/\/defrentealaverdad.com\/index.php\/wp-json\/wp\/v2\/posts\/48934\/revisions"}],"predecessor-version":[{"id":48936,"href":"https:\/\/defrentealaverdad.com\/index.php\/wp-json\/wp\/v2\/posts\/48934\/revisions\/48936"}],"wp:featuredmedia":[{"embeddable":true,"href":"https:\/\/defrentealaverdad.com\/index.php\/wp-json\/wp\/v2\/media\/48935"}],"wp:attachment":[{"href":"https:\/\/defrentealaverdad.com\/index.php\/wp-json\/wp\/v2\/media?parent=48934"}],"wp:term":[{"taxonomy":"category","embeddable":true,"href":"https:\/\/defrentealaverdad.com\/index.php\/wp-json\/wp\/v2\/categories?post=48934"},{"taxonomy":"post_tag","embeddable":true,"href":"https:\/\/defrentealaverdad.com\/index.php\/wp-json\/wp\/v2\/tags?post=48934"}],"curies":[{"name":"wp","href":"https:\/\/api.w.org\/{rel}","templated":true}]}}