{"id":48852,"date":"2025-09-17T14:20:22","date_gmt":"2025-09-17T14:20:22","guid":{"rendered":"https:\/\/defrentealaverdad.com\/?p=48852"},"modified":"2025-09-18T01:20:32","modified_gmt":"2025-09-18T01:20:32","slug":"carolina-lleva-alegria-al-sector-fundacion-con-la-inauguracion-del-centro-comunal-dionisio-amparo","status":"publish","type":"post","link":"https:\/\/defrentealaverdad.com\/index.php\/2025\/09\/17\/carolina-lleva-alegria-al-sector-fundacion-con-la-inauguracion-del-centro-comunal-dionisio-amparo\/","title":{"rendered":"Carolina lleva alegr\u00eda al sector Fundaci\u00f3n con la inauguraci\u00f3n del Centro Comunal Dionisio Amparo"},"content":{"rendered":"<p style=\"text-align: justify;\">Santo Domingo, DN &#8211; Carolina Mej\u00eda inaugur\u00f3 el Centro Comunal Dionisio Amparo en la comunidad de Fundaci\u00f3n, un lugar en el que los moradores podr\u00e1n esparcirse a trav\u00e9s del ejercicio, la pr\u00e1ctica del deporte y otras actividades l\u00fadicas.<\/p>\n<p style=\"text-align: justify;\">El rescate de este espacio de 1,708 metros cuadrados ha sido motivo de alegr\u00eda en la comunidad, ya que sus instalaciones se convertir\u00e1n en el coraz\u00f3n de Fundaci\u00f3n, un sector caracterizado por su gente trabajadora.<\/p>\n<p style=\"text-align: justify;\">Al ser recibida por un grupo de ni\u00f1os, Carolina destac\u00f3 la importancia que tiene para los sectores de cada uno de los m\u00e1s de 205 parques y plazas que se han entregado durante su gesti\u00f3n, impactando en la salud y el esparcimiento de los residentes, mayormente en ni\u00f1os y adultos mayores, y a\u00f1adiendo plusval\u00eda a las propiedades de las comunidades.<\/p>\n<blockquote>\n<p style=\"text-align: center;\">\u201cAqu\u00ed nosotros a lo que vinimos a aportar para crear y construir nuevos ciudadanos, que la gente aprenda a convivir de otra manera\u201d, expres\u00f3 Mej\u00eda, al se\u00f1alar que este renovado espacio lleva alegr\u00eda y bienestar a la comunidad.<\/p>\n<\/blockquote>\n<p style=\"text-align: justify;\">La ejecutiva municipal exhort\u00f3 a todos los presentes no solo a disfrutar de estas instalaciones junto a sus amigos y familiares, sino tambi\u00e9n a hacer correcta utilizaci\u00f3n y cuidado del centro.<\/p>\n<p style=\"text-align: justify;\">La regidora Shade Medina describi\u00f3 este d\u00eda (de la inauguraci\u00f3n) como una representaci\u00f3n de la uni\u00f3n y esperanza de una comunidad que se mantuvo pidiendo que el centro comunal fuera tomado en cuenta.<\/p>\n<blockquote>\n<p style=\"text-align: center;\">\u201cQu\u00e9 alegr\u00eda, alcaldesa, poder decir hoy que tenemos otro espacio dise\u00f1ado para el disfrute de todos\u201d, destac\u00f3, al considerarlo como un espacio de integraci\u00f3n comunitaria.<\/p>\n<\/blockquote>\n<p style=\"text-align: justify;\">Representantes de la comunidad entregaron reconocimientos a Carolina Mej\u00eda, la regidora Medina y las directoras Yolanda de la Rosa y Milagros Mercedes por su entrega a lo largo de meses de trabajo para hacer realidad la entrega del centro comunal.<\/p>\n<p style=\"text-align: justify;\">Juan Arvelo, quien qued\u00f3 encargado de cogestionar el centro comunal junto a las autoridades municipales, agradeci\u00f3 esta entrega para el disfrute de la comunidad.<\/p>\n<blockquote>\n<p style=\"text-align: center;\">\u201cLes damos las gracias a usted, do\u00f1a Carolina y a su extraordinario equipo, por el estupendo remozamiento realizado\u201d, indic\u00f3.<\/p>\n<\/blockquote>\n<p><strong>Rescate integral del centro comunal<\/strong><\/p>\n<p style=\"text-align: justify;\">El centro cuenta con juegos infantiles, \u00e1rea de ejercicios de calistenia y una cancha para la pr\u00e1ctica de baloncesto y voleibol debidamente se\u00f1alizada, as\u00ed como con un hermoso mural de 114 metros con im\u00e1genes alusivas los deportes, sumados a otros 26 metros de mural en valla.<\/p>\n<p style=\"text-align: justify;\">Adem\u00e1s, se colocaron luminarias LED y reflectores en todas las zonas, para brindar mayor nivel de seguridad y confianza. En el Centro Comunal Dionisio Amparo se construyeron 444 metros cuadrados de aceras y una rampa de acceso inclusivo.<\/p>\n<p style=\"text-align: justify;\">La infraestructura fue beneficiada con el remozamiento del gazebo, la terminaci\u00f3n de las gradas y la colocaci\u00f3n de mobiliario urbano como son bancos y zafacones. Las autoridades municipales instalaron una bomba de agua e colocaron puertas y ventanas en los ba\u00f1os, para contribuir con el buen funcionamiento, la higiene y la privacidad en el recinto.<\/p>\n<p style=\"text-align: justify;\">De igual manera, se desarrollaron labores de paisajismo, embelleciendo el \u00e1rea con poda de \u00e1rboles existentes y con la plantaci\u00f3n de nuevos, as\u00ed como plantas y grama.<\/p>\n<p>Fuente:Prensa ADN<\/p>\n","protected":false},"excerpt":{"rendered":"<p>Santo Domingo, DN &#8211; Carolina Mej\u00eda inaugur\u00f3 el Centro Comunal Dionisio Amparo en la comunidad<\/p>\n","protected":false},"author":1,"featured_media":48853,"comment_status":"open","ping_status":"open","sticky":false,"template":"","format":"standard","meta":{"footnotes":""},"categories":[7],"tags":[],"class_list":["post-48852","post","type-post","status-publish","format-standard","has-post-thumbnail","hentry","category-nacionales"],"_links":{"self":[{"href":"https:\/\/defrentealaverdad.com\/index.php\/wp-json\/wp\/v2\/posts\/48852","targetHints":{"allow":["GET"]}}],"collection":[{"href":"https:\/\/defrentealaverdad.com\/index.php\/wp-json\/wp\/v2\/posts"}],"about":[{"href":"https:\/\/defrentealaverdad.com\/index.php\/wp-json\/wp\/v2\/types\/post"}],"author":[{"embeddable":true,"href":"https:\/\/defrentealaverdad.com\/index.php\/wp-json\/wp\/v2\/users\/1"}],"replies":[{"embeddable":true,"href":"https:\/\/defrentealaverdad.com\/index.php\/wp-json\/wp\/v2\/comments?post=48852"}],"version-history":[{"count":1,"href":"https:\/\/defrentealaverdad.com\/index.php\/wp-json\/wp\/v2\/posts\/48852\/revisions"}],"predecessor-version":[{"id":48854,"href":"https:\/\/defrentealaverdad.com\/index.php\/wp-json\/wp\/v2\/posts\/48852\/revisions\/48854"}],"wp:featuredmedia":[{"embeddable":true,"href":"https:\/\/defrentealaverdad.com\/index.php\/wp-json\/wp\/v2\/media\/48853"}],"wp:attachment":[{"href":"https:\/\/defrentealaverdad.com\/index.php\/wp-json\/wp\/v2\/media?parent=48852"}],"wp:term":[{"taxonomy":"category","embeddable":true,"href":"https:\/\/defrentealaverdad.com\/index.php\/wp-json\/wp\/v2\/categories?post=48852"},{"taxonomy":"post_tag","embeddable":true,"href":"https:\/\/defrentealaverdad.com\/index.php\/wp-json\/wp\/v2\/tags?post=48852"}],"curies":[{"name":"wp","href":"https:\/\/api.w.org\/{rel}","templated":true}]}}