{"id":4881,"date":"2023-05-05T15:39:57","date_gmt":"2023-05-05T15:39:57","guid":{"rendered":"https:\/\/defrentealaverdad.com\/?p=4881"},"modified":"2023-05-05T15:39:57","modified_gmt":"2023-05-05T15:39:57","slug":"abinader-sorprende-dominicana-residente-en-londres-y-le-entrega-pedido-de-cafe","status":"publish","type":"post","link":"https:\/\/defrentealaverdad.com\/index.php\/2023\/05\/05\/abinader-sorprende-dominicana-residente-en-londres-y-le-entrega-pedido-de-cafe\/","title":{"rendered":"Abinader sorprende dominicana residente en Londres y le entrega pedido de caf\u00e9"},"content":{"rendered":"<p style=\"text-align: justify;\">LONDRES. \u2013 Luego que la dominicana Alexandra Morel, residente en Londres, Inglaterra, manifestara a trav\u00e9s de las redes sociales que se le estaba agotando su caf\u00e9 y deseaba que el mandatario, en su viaje a esta ciudad, le trajera dos o tres paquetes, se coordin\u00f3 el encuentro en el que el jefe del Estado dominicano cumpli\u00f3 la petici\u00f3n.<\/p>\n<p style=\"text-align: justify;\">\u201cBuenas noches, bueno aqu\u00ed es de noche. Mire, yo acabo de ver que usted viene para ac\u00e1, para Londres. Yo vivo aqu\u00ed y sucede que se me est\u00e1 acabando el Caf\u00e9 Santo Domingo que yo me traje el otro d\u00eda. Yo me estaba preguntando si de casualidad usted me puede traer dos o tres paqueticos de Caf\u00e9 Santo Domingo antes que se me acabe, por favor, si no es mucho pedir. Usted me avisa cuando usted llegue y yo voy y lo busco donde sea que usted se vaya a quedar, no hay ning\u00fan problema con eso, muchas gracias\u201d, expres\u00f3 Morel en un audio, dirigi\u00e9ndose al presidente Abinader y que se hizo viral.<\/p>\n<div class=\"banner-contenido\" style=\"text-align: justify;\">\n<div id=\"div-gpt-ad-1565283910678-0\" data-google-query-id=\"CP6uprbB3v4CFWY-swAdET4N1g\">\n<div id=\"google_ads_iframe_\/173239197\/Banner_Noticia_Contenido_300x250_0__container__\">Cuando la joven vi\u00f3 al presidente Abinader en persona, con el bolso conteniendo los paquetes de caf\u00e9 exclam\u00f3, no me lo puedo creer.<\/div>\n<\/div>\n<\/div>\n<p style=\"text-align: justify;\"><em>\u201cHice eso como un juego, no era mi prop\u00f3sito que usted se pusiera a eso, presidente\u201d<\/em>, exclam\u00f3.<\/p>\n<div id=\"attachment_1837907\" class=\"wp-caption alignnone\"><img decoding=\"async\" class=\"size-full wp-image-1837907 lazyload\" data-src=\"https:\/\/nuevodiario-assets.s3.us-east-2.amazonaws.com\/wp-content\/uploads\/2023\/05\/04150820\/WhatsApp-Image-2023-05-04-at-6.39.40-PM.jpeg\" data-sizes=\"(max-width: 785px) 100vw, 785px\" data-srcset=\"https:\/\/nuevodiario-assets.s3.us-east-2.amazonaws.com\/wp-content\/uploads\/2023\/05\/04150820\/WhatsApp-Image-2023-05-04-at-6.39.40-PM.jpeg 785w, https:\/\/nuevodiario-assets.s3.us-east-2.amazonaws.com\/wp-content\/uploads\/2023\/05\/04150820\/WhatsApp-Image-2023-05-04-at-6.39.40-PM-307x400.jpeg 307w, https:\/\/nuevodiario-assets.s3.us-east-2.amazonaws.com\/wp-content\/uploads\/2023\/05\/04150820\/WhatsApp-Image-2023-05-04-at-6.39.40-PM-88x115.jpeg 88w, https:\/\/nuevodiario-assets.s3.us-east-2.amazonaws.com\/wp-content\/uploads\/2023\/05\/04150820\/WhatsApp-Image-2023-05-04-at-6.39.40-PM-768x1002.jpeg 768w, https:\/\/nuevodiario-assets.s3.us-east-2.amazonaws.com\/wp-content\/uploads\/2023\/05\/04150820\/WhatsApp-Image-2023-05-04-at-6.39.40-PM-241x314.jpeg 241w\" alt=\"Presidente Luis Abinader y Raquel Arbaje entregan un paquete de caf\u00e9 a una dominicana residente en Londres | Foto: Fuente externa \" width=\"785\" height=\"1024\" aria-describedby=\"caption-attachment-1837907\" src=\"data:image\/svg+xml;base64,PHN2ZyB3aWR0aD0iMSIgaGVpZ2h0PSIxIiB4bWxucz0iaHR0cDovL3d3dy53My5vcmcvMjAwMC9zdmciPjwvc3ZnPg==\" style=\"--smush-placeholder-width: 785px; --smush-placeholder-aspect-ratio: 785\/1024;\" \/><\/p>\n<p id=\"caption-attachment-1837907\" class=\"wp-caption-text\" style=\"text-align: justify;\"><em><strong>Presidente Luis Abinader y Raquel Arbaje entregan un paquete de caf\u00e9 a una dominicana residente en Londres | Foto: Fuente externa<\/strong><\/em><\/p>\n<\/div>\n<p style=\"text-align: justify;\">Por su parte, el mandatario dijo sentirse muy satisfecho y feliz con traerle su caf\u00e9.<\/p>\n<p style=\"text-align: justify;\">Junto al presidente estuvo la primera dama, Raquel Arbaje, quien felicit\u00f3 a los j\u00f3venes por sus deseos de superaci\u00f3n y por llevar en su interior los sentimientos dominicanos, a pesar de estar viviendo en Londres.<\/p>\n<p style=\"text-align: justify;\">Alexandra dijo que no se imaginaba a un presidente tan humilde, sencillo y amable, como Luis Abinader.<\/p>\n<p style=\"text-align: justify;\">La dominicana lleva dos a\u00f1os residiendo en Londres, junto a su esposo Luis Manuel Mart\u00ednez, quien fue contratado por una empresa inglesa y se desempe\u00f1a como dise\u00f1ador de software.<\/p>\n<p style=\"text-align: justify;\">Mart\u00ednez estudi\u00f3 en el Instituto Tecnol\u00f3gico de Las Am\u00e9ricas, ITLA.<\/p>\n<p style=\"text-align: justify;\">Los familiares de ambos residen en Herrera, municipio Santo Domingo Oeste.<\/p>\n<p>&nbsp;<\/p>\n<p>Fuente: Nuevo Diario RD<\/p>\n","protected":false},"excerpt":{"rendered":"<p>LONDRES. \u2013 Luego que la dominicana Alexandra Morel, residente en Londres, Inglaterra, manifestara a trav\u00e9s<\/p>\n","protected":false},"author":4,"featured_media":0,"comment_status":"open","ping_status":"open","sticky":false,"template":"","format":"standard","meta":{"footnotes":""},"categories":[16],"tags":[],"class_list":["post-4881","post","type-post","status-publish","format-standard","hentry","category-internacionales"],"_links":{"self":[{"href":"https:\/\/defrentealaverdad.com\/index.php\/wp-json\/wp\/v2\/posts\/4881","targetHints":{"allow":["GET"]}}],"collection":[{"href":"https:\/\/defrentealaverdad.com\/index.php\/wp-json\/wp\/v2\/posts"}],"about":[{"href":"https:\/\/defrentealaverdad.com\/index.php\/wp-json\/wp\/v2\/types\/post"}],"author":[{"embeddable":true,"href":"https:\/\/defrentealaverdad.com\/index.php\/wp-json\/wp\/v2\/users\/4"}],"replies":[{"embeddable":true,"href":"https:\/\/defrentealaverdad.com\/index.php\/wp-json\/wp\/v2\/comments?post=4881"}],"version-history":[{"count":1,"href":"https:\/\/defrentealaverdad.com\/index.php\/wp-json\/wp\/v2\/posts\/4881\/revisions"}],"predecessor-version":[{"id":4882,"href":"https:\/\/defrentealaverdad.com\/index.php\/wp-json\/wp\/v2\/posts\/4881\/revisions\/4882"}],"wp:attachment":[{"href":"https:\/\/defrentealaverdad.com\/index.php\/wp-json\/wp\/v2\/media?parent=4881"}],"wp:term":[{"taxonomy":"category","embeddable":true,"href":"https:\/\/defrentealaverdad.com\/index.php\/wp-json\/wp\/v2\/categories?post=4881"},{"taxonomy":"post_tag","embeddable":true,"href":"https:\/\/defrentealaverdad.com\/index.php\/wp-json\/wp\/v2\/tags?post=4881"}],"curies":[{"name":"wp","href":"https:\/\/api.w.org\/{rel}","templated":true}]}}