{"id":4865,"date":"2023-05-04T18:57:09","date_gmt":"2023-05-04T18:57:09","guid":{"rendered":"https:\/\/defrentealaverdad.com\/?p=4865"},"modified":"2023-05-04T18:57:28","modified_gmt":"2023-05-04T18:57:28","slug":"comandante-de-la-armada-dominicana-y-el-inspector-de-las-fuerza-armadas-felicitan-al-director-de-la-digesett-por-buen-desempeno-al-frente-de-esa-entidad","status":"publish","type":"post","link":"https:\/\/defrentealaverdad.com\/index.php\/2023\/05\/04\/comandante-de-la-armada-dominicana-y-el-inspector-de-las-fuerza-armadas-felicitan-al-director-de-la-digesett-por-buen-desempeno-al-frente-de-esa-entidad\/","title":{"rendered":"Comandante de la Armada Dominicana y el inspector de las Fuerza Armadas felicitan al director de la DIGESETT por buen desempe\u00f1o al frente de esa entidad"},"content":{"rendered":"<p style=\"text-align: justify;\">Por Felix Rubio<\/p>\n<div class=\"separator\" style=\"text-align: justify;\"><a href=\"https:\/\/blogger.googleusercontent.com\/img\/b\/R29vZ2xl\/AVvXsEjJx_enaaG_8DDwz3hWFqhxhxg2OxCWBuNuBQWbU48M9EDMBUGKHn652moRlwAlKMw_Q5LV7H_SW62qxFhWmq8BDusV1fShCzp_wjF7XWvKfEAREzRlC76ASDuwS9-PWNAuE5urAz99dZCX3Sxo8i6WLpTsB_bVaF8X79OKneMFMOEiu3RVemKglIYfJQ\/s5622\/DSC08146.JPG\"><img decoding=\"async\" data-src=\"https:\/\/blogger.googleusercontent.com\/img\/b\/R29vZ2xl\/AVvXsEjJx_enaaG_8DDwz3hWFqhxhxg2OxCWBuNuBQWbU48M9EDMBUGKHn652moRlwAlKMw_Q5LV7H_SW62qxFhWmq8BDusV1fShCzp_wjF7XWvKfEAREzRlC76ASDuwS9-PWNAuE5urAz99dZCX3Sxo8i6WLpTsB_bVaF8X79OKneMFMOEiu3RVemKglIYfJQ\/s320\/DSC08146.JPG\" width=\"320\" height=\"229\" border=\"0\" data-original-height=\"4032\" data-original-width=\"5622\" src=\"data:image\/svg+xml;base64,PHN2ZyB3aWR0aD0iMSIgaGVpZ2h0PSIxIiB4bWxucz0iaHR0cDovL3d3dy53My5vcmcvMjAwMC9zdmciPjwvc3ZnPg==\" class=\"lazyload\" style=\"--smush-placeholder-width: 320px; --smush-placeholder-aspect-ratio: 320\/229;\" \/><\/a><\/div>\n<p style=\"text-align: justify;\">El director de la Direcci\u00f3n General de Seguridad de Tr\u00e1nsito y Transporte Terrestre (DIGESETT),\u00a0general Ram\u00f3n Antonio Guzm\u00e1n Peralta, P.N., recibi\u00f3 la visita del comandante general de la Armada de Rep\u00fablica Dominicana, el vicealmirante Francisco Sosa Castillo y del inspector general de las Fuerzas Armadas, el mayor general Rubio B\u00e1ez, ERD.<\/p>\n<p>Estos altos oficiales se reunieron en la sede de la DIGESETT para coordinar acciones y mantener una colaboraci\u00f3n constante entre las entidades que dirigen.<\/p>\n<p>El vicealmirante Sosa Castillo y el mayor general Rubio B\u00e1ez aprovecharon el encuentro para reconocer y felicitar al general Guzm\u00e1n Peralta por los programas que ha ejecutado en la DIGESETT desde que fue designado en el cargo por el presidente Luis Abinader.<\/p>\n<p>Guzm\u00e1n Peralta fue felicitado por estos altos oficiales, luego que realiz\u00f3 un recorrido por la sede de la DIGESETT mostr\u00e1ndoles las innovaciones y gestiones que ha logrado a favor de los agentes y civiles que trabajan en la entidad.<\/p>\n<div class=\"separator\" style=\"text-align: justify;\"><a href=\"https:\/\/blogger.googleusercontent.com\/img\/b\/R29vZ2xl\/AVvXsEhGWrA_lk1kVQDV7cCmg01BhVKgM_qCMmOPdSOydvLLFQxNsZkBc_dEDbvg9d2RtJ2Uz3QzDh-bzrstccmhnmY_lhA_1MEDj55TFl0nwukXRTD7J2eWDofrlOgSsmXn55AdccvJslYiL51BTWXSHqlM47Q8NeuKMmP0xRTWrUYBX0LFn8VvN8V8TGjoSw\/s6240\/DSC08239.JPG\"><img decoding=\"async\" data-src=\"https:\/\/blogger.googleusercontent.com\/img\/b\/R29vZ2xl\/AVvXsEhGWrA_lk1kVQDV7cCmg01BhVKgM_qCMmOPdSOydvLLFQxNsZkBc_dEDbvg9d2RtJ2Uz3QzDh-bzrstccmhnmY_lhA_1MEDj55TFl0nwukXRTD7J2eWDofrlOgSsmXn55AdccvJslYiL51BTWXSHqlM47Q8NeuKMmP0xRTWrUYBX0LFn8VvN8V8TGjoSw\/s320\/DSC08239.JPG\" width=\"320\" height=\"213\" border=\"0\" data-original-height=\"4160\" data-original-width=\"6240\" src=\"data:image\/svg+xml;base64,PHN2ZyB3aWR0aD0iMSIgaGVpZ2h0PSIxIiB4bWxucz0iaHR0cDovL3d3dy53My5vcmcvMjAwMC9zdmciPjwvc3ZnPg==\" class=\"lazyload\" style=\"--smush-placeholder-width: 320px; --smush-placeholder-aspect-ratio: 320\/213;\" \/><\/a><\/div>\n<p>Les mostr\u00f3 la sala de lactancia que est\u00e1 destinada a asistir a las agentes, pero tambi\u00e9n les explic\u00f3 que esta asiste a las madres de entorno a la sede de la DIGESETT, la cual est\u00e1 ubicada en el sector de Villa Juana, en el Distrito Nacional.<\/p>\n<p>Otro de los lugares que visitaron son las nuevas instalaciones del denominado Centro de Mando y Control (CEMACO), la cual ha sido redise\u00f1ado para un trabajo conjunto con el Instituto Nacional de Tr\u00e1nsito y Transporte Terrestre (INTRANT) y el Sistema Nacional de Emergencia 911<\/p>\n<p><strong>Firman libro de visitantes distinguidos<\/strong><\/p>\n<p>Igualmente, el general Guzm\u00e1n Peralta invit\u00f3 al jefe de la Armada Dominicana y al inspector de las Fuerzas Armadas a firmar el libro de visitantes distinguidos a la DIGESETT.<\/p>\n<p>En los mensajes que escribieron en el libro, los dos funcionarios, cada uno por separado, reconocieron la buena labor que realiza Guzm\u00e1n Peralta para hacer cada vez m\u00e1s eficiente la labor de los agentes de tr\u00e1nsito a favor de la ciudadan\u00eda.<\/p>\n<div class=\"separator\" style=\"text-align: justify;\"><a href=\"https:\/\/blogger.googleusercontent.com\/img\/b\/R29vZ2xl\/AVvXsEhG41GIgT0UkVGwqiOQMURHU22a6R6Sh3Nft46Ey_VeJcYjsJYET-wdO4SLaOrppZAjaCZlvZbSmuZqJZeX5LT2EpyrBN9E_FuIKtlWrITWW5wER7IK3vnAvzvW6fp66T0Fs1liizEI2JFVXDf8pahtYj6oTiAWjtwdTcXB5jR11elwnckhALbUg3TcQA\/s5622\/DSC08146.JPG\"><img decoding=\"async\" data-src=\"https:\/\/blogger.googleusercontent.com\/img\/b\/R29vZ2xl\/AVvXsEhG41GIgT0UkVGwqiOQMURHU22a6R6Sh3Nft46Ey_VeJcYjsJYET-wdO4SLaOrppZAjaCZlvZbSmuZqJZeX5LT2EpyrBN9E_FuIKtlWrITWW5wER7IK3vnAvzvW6fp66T0Fs1liizEI2JFVXDf8pahtYj6oTiAWjtwdTcXB5jR11elwnckhALbUg3TcQA\/s320\/DSC08146.JPG\" width=\"320\" height=\"229\" border=\"0\" data-original-height=\"4032\" data-original-width=\"5622\" src=\"data:image\/svg+xml;base64,PHN2ZyB3aWR0aD0iMSIgaGVpZ2h0PSIxIiB4bWxucz0iaHR0cDovL3d3dy53My5vcmcvMjAwMC9zdmciPjwvc3ZnPg==\" class=\"lazyload\" style=\"--smush-placeholder-width: 320px; --smush-placeholder-aspect-ratio: 320\/229;\" \/><\/a><\/div>\n<p>Dijeron que se han sentido gratamente sorprendidos con todos los cambios e innovaciones para la mejor\u00eda del funcionamiento de la DIGESETT en todo el pa\u00eds.<\/p>\n<p>Tambi\u00e9n expresaron que Guzm\u00e1n Peralta es un modelo de un servidor p\u00fablico digno de ser imitado y valorado en su justa dimensi\u00f3n.<\/p>\n<p>De su lado, el director de la DIGESETT agradeci\u00f3 el reconocimiento que hacen estos oficiales a su gesti\u00f3n y agreg\u00f3 que eso lo compromete a seguir siendo cada vez m\u00e1s eficiente para que esa entidad brinde siempre un mejor servicio a la poblaci\u00f3n.<\/p>\n<p style=\"text-align: justify;\">Fuente: Prensa DIGESETT<\/p>\n","protected":false},"excerpt":{"rendered":"<p>Por Felix Rubio El director de la Direcci\u00f3n General de Seguridad de Tr\u00e1nsito y Transporte<\/p>\n","protected":false},"author":1,"featured_media":0,"comment_status":"open","ping_status":"open","sticky":false,"template":"","format":"standard","meta":{"footnotes":""},"categories":[7],"tags":[],"class_list":["post-4865","post","type-post","status-publish","format-standard","hentry","category-nacionales"],"_links":{"self":[{"href":"https:\/\/defrentealaverdad.com\/index.php\/wp-json\/wp\/v2\/posts\/4865","targetHints":{"allow":["GET"]}}],"collection":[{"href":"https:\/\/defrentealaverdad.com\/index.php\/wp-json\/wp\/v2\/posts"}],"about":[{"href":"https:\/\/defrentealaverdad.com\/index.php\/wp-json\/wp\/v2\/types\/post"}],"author":[{"embeddable":true,"href":"https:\/\/defrentealaverdad.com\/index.php\/wp-json\/wp\/v2\/users\/1"}],"replies":[{"embeddable":true,"href":"https:\/\/defrentealaverdad.com\/index.php\/wp-json\/wp\/v2\/comments?post=4865"}],"version-history":[{"count":2,"href":"https:\/\/defrentealaverdad.com\/index.php\/wp-json\/wp\/v2\/posts\/4865\/revisions"}],"predecessor-version":[{"id":4867,"href":"https:\/\/defrentealaverdad.com\/index.php\/wp-json\/wp\/v2\/posts\/4865\/revisions\/4867"}],"wp:attachment":[{"href":"https:\/\/defrentealaverdad.com\/index.php\/wp-json\/wp\/v2\/media?parent=4865"}],"wp:term":[{"taxonomy":"category","embeddable":true,"href":"https:\/\/defrentealaverdad.com\/index.php\/wp-json\/wp\/v2\/categories?post=4865"},{"taxonomy":"post_tag","embeddable":true,"href":"https:\/\/defrentealaverdad.com\/index.php\/wp-json\/wp\/v2\/tags?post=4865"}],"curies":[{"name":"wp","href":"https:\/\/api.w.org\/{rel}","templated":true}]}}