{"id":48610,"date":"2025-09-14T20:32:34","date_gmt":"2025-09-14T20:32:34","guid":{"rendered":"https:\/\/defrentealaverdad.com\/?p=48610"},"modified":"2025-09-15T01:33:50","modified_gmt":"2025-09-15T01:33:50","slug":"hipolito-mejia-cumple-promesa-y-acompana-al-alcalde-de-fantino-en-gestion-ante-el-mopc","status":"publish","type":"post","link":"https:\/\/defrentealaverdad.com\/index.php\/2025\/09\/14\/hipolito-mejia-cumple-promesa-y-acompana-al-alcalde-de-fantino-en-gestion-ante-el-mopc\/","title":{"rendered":"Hip\u00f3lito Mej\u00eda cumple promesa y acompa\u00f1a al alcalde de Fantino en gesti\u00f3n ante el MOPC"},"content":{"rendered":"<blockquote>\n<p style=\"text-align: center;\">El alcalde Dr. Dami\u00e1n N\u00fa\u00f1ez Adames (Aneuris) agradece el respaldo del expresidente y del ministro Eduardo Estrella en beneficio de su comunidad<\/p>\n<\/blockquote>\n<p style=\"text-align: justify;\">Fantino, S\u00e1nchez Ram\u00edrez. \u2013 El expresidente de la Rep\u00fablica, Hip\u00f3lito Mej\u00eda, cumpli\u00f3 su promesa al alcalde del municipio de Fantino, Dr. Dami\u00e1n N\u00fa\u00f1ez Adames, conocido cari\u00f1osamente como Aneuris, al acompa\u00f1arlo en una visita oficial al Ministerio de Obras P\u00fablicas y Comunicaciones (MOPC), que encabeza el ingeniero Eduardo Estrella.<\/p>\n<p style=\"text-align: justify;\">Durante la reuni\u00f3n, el alcalde solicit\u00f3 al ministro la ejecuci\u00f3n de importantes obras de infraestructura para el municipio, destacando de manera especial la pavimentaci\u00f3n de las calles, una de las principales demandas de la poblaci\u00f3n.<\/p>\n<p style=\"text-align: justify;\">El expresidente Mej\u00eda, en su m\u00e1s reciente visita a Fantino, se hab\u00eda comprometido a realizar las gestiones necesarias para que las autoridades nacionales atendieran el reclamo. Su intervenci\u00f3n permiti\u00f3 que la reuni\u00f3n con el ministro Eduardo Estrella se materializara con resultados positivos.<\/p>\n<p style=\"text-align: justify;\">El alcalde Aneuris expres\u00f3 su agradecimiento al expresidente Hip\u00f3lito Mej\u00eda y al ingeniero Eduardo Estrella, resaltando que con el apoyo de ambos se impulsar\u00e1n obras que transformar\u00e1n el desarrollo de Fantino. Asimismo, adelant\u00f3 que en los pr\u00f3ximos d\u00edas se estar\u00e1n anunciando otros proyectos de gran impacto para la comunidad.<\/p>\n<p>Fuente: Todo en el Punto<\/p>\n","protected":false},"excerpt":{"rendered":"<p>El alcalde Dr. Dami\u00e1n N\u00fa\u00f1ez Adames (Aneuris) agradece el respaldo del expresidente y del ministro<\/p>\n","protected":false},"author":1,"featured_media":48611,"comment_status":"open","ping_status":"open","sticky":false,"template":"","format":"standard","meta":{"footnotes":""},"categories":[7],"tags":[],"class_list":["post-48610","post","type-post","status-publish","format-standard","has-post-thumbnail","hentry","category-nacionales"],"_links":{"self":[{"href":"https:\/\/defrentealaverdad.com\/index.php\/wp-json\/wp\/v2\/posts\/48610","targetHints":{"allow":["GET"]}}],"collection":[{"href":"https:\/\/defrentealaverdad.com\/index.php\/wp-json\/wp\/v2\/posts"}],"about":[{"href":"https:\/\/defrentealaverdad.com\/index.php\/wp-json\/wp\/v2\/types\/post"}],"author":[{"embeddable":true,"href":"https:\/\/defrentealaverdad.com\/index.php\/wp-json\/wp\/v2\/users\/1"}],"replies":[{"embeddable":true,"href":"https:\/\/defrentealaverdad.com\/index.php\/wp-json\/wp\/v2\/comments?post=48610"}],"version-history":[{"count":1,"href":"https:\/\/defrentealaverdad.com\/index.php\/wp-json\/wp\/v2\/posts\/48610\/revisions"}],"predecessor-version":[{"id":48612,"href":"https:\/\/defrentealaverdad.com\/index.php\/wp-json\/wp\/v2\/posts\/48610\/revisions\/48612"}],"wp:featuredmedia":[{"embeddable":true,"href":"https:\/\/defrentealaverdad.com\/index.php\/wp-json\/wp\/v2\/media\/48611"}],"wp:attachment":[{"href":"https:\/\/defrentealaverdad.com\/index.php\/wp-json\/wp\/v2\/media?parent=48610"}],"wp:term":[{"taxonomy":"category","embeddable":true,"href":"https:\/\/defrentealaverdad.com\/index.php\/wp-json\/wp\/v2\/categories?post=48610"},{"taxonomy":"post_tag","embeddable":true,"href":"https:\/\/defrentealaverdad.com\/index.php\/wp-json\/wp\/v2\/tags?post=48610"}],"curies":[{"name":"wp","href":"https:\/\/api.w.org\/{rel}","templated":true}]}}