{"id":48586,"date":"2025-09-14T17:56:23","date_gmt":"2025-09-14T17:56:23","guid":{"rendered":"https:\/\/defrentealaverdad.com\/?p=48586"},"modified":"2025-09-15T00:58:07","modified_gmt":"2025-09-15T00:58:07","slug":"dirigentes-del-mmv-asisten-a-juramentacion-del-sntp-filial-valverde","status":"publish","type":"post","link":"https:\/\/defrentealaverdad.com\/index.php\/2025\/09\/14\/dirigentes-del-mmv-asisten-a-juramentacion-del-sntp-filial-valverde\/","title":{"rendered":"Dirigentes del MMV asisten a juramentaci\u00f3n del SNTP Filial Valverde"},"content":{"rendered":"<p style=\"text-align: justify;\"><strong>Mao, Vaverde, Rep\u00fablica Dominicana.-<\/strong>Los dirigentes del Movimiento Marcelino Vega (MMV), Gabriel Cruz \u00abCruzman\u201d y Wilson Guerrero, asistieron a la concurrida juramentaci\u00f3n del Sindicato Nacional de Trabajadores de la Prensa (SNTP) en esta Filial, donde el comunicador \u00c1ngel \u00c1lvarez ser\u00e1 el secretario general y Brayan Fern\u00e1ndez secretario de organizaci\u00f3n durante el periodo 2025-2027.<\/p>\n<p style=\"text-align: justify;\">El gremialista Gabriel Cruz, presidente electo en el Instituto de Previsi\u00f3n y Protecci\u00f3n del Periodista (IPPP) 2025-2027, en las pasadas elecciones del Colegio Dominicano de Periodistas (CDP), ponder\u00f3 las calidades de los dirigentes de Valverde y la organizaci\u00f3n del evento.<\/p>\n<blockquote>\n<p style=\"text-align: center;\">\u00abEsta directiva encabezada por los compa\u00f1eros \u00c1ngel y Brayan junto al equipo que les acompa\u00f1a sabemos que har\u00e1 un trabajo memorable para sus miembros y la sociedad de Valverde, una muestra desde ya es la excelente juramentaci\u00f3n que han organizado y el compa\u00f1erismo que exhiben es garant\u00eda de \u00e9xito\u00bb, destac\u00f3 el profesor Cruzman.<\/p>\n<\/blockquote>\n<p style=\"text-align: justify;\">Adem\u00e1s, expres\u00f3 que tanto \u00c1ngel \u00c1lvarez como Brayan Fern\u00e1ndez y quienes les acompa\u00f1an en la directiva son marcelinistas aut\u00e9nticos, \u00e9ticos y con capacidad en gesti\u00f3n gremial.<\/p>\n<p style=\"text-align: justify;\">Mientras que, el secretario general del SNTP Filial Santo Domingo Este, Wilson Guerrero, ponder\u00f3 el esp\u00edritu gremialista y entusiasmo que ha despertado entre sus miembros esta filial del noroeste por la juramentaci\u00f3n de los compa\u00f1eros que la encabezan, ya que augura cumplir\u00e1n con las principales demandas de sus miembros.<\/p>\n<blockquote>\n<p style=\"text-align: center;\">Agreg\u00f3, \u201custedes tambi\u00e9n deben estar vigilantes ante acciones que seudos dirigentes, desde hace tiempo, est\u00e1n violentando los estatutos y reglamentos del SNTP con fines de exclusi\u00f3n y malas pr\u00e1cticas\u201d.<\/p>\n<\/blockquote>\n<p style=\"text-align: justify;\">El nuevo secretario general, licenciado \u00c1ngel \u00c1lvarez, expres\u00f3 que su gesti\u00f3n estar\u00e1 sustentada en la defensa de los derechos de los periodistas y trabajadores de la prensa, la capacitaci\u00f3n continua y la consolidaci\u00f3n del gremio en la provincia.<\/p>\n<p style=\"text-align: justify;\">El acto concluy\u00f3 con palabras de agradecimientos del secretario de organizaci\u00f3n, Brian Fern\u00e1ndez B\u00e1ez, quien despert\u00f3 emociones y aplausos entre los presentes.<\/p>\n<p style=\"text-align: justify;\">Esta es la primera juramentaci\u00f3n que realiza una filial del SNTP para el per\u00edodo 2025-2027, la cual fue celebrada en el sal\u00f3n principal de la gobernaci\u00f3n de la provincia Valverde, durante un acto solemne que congreg\u00f3 a autoridades civiles, legislativas, religiosas, militares y del sector profesional.<\/p>\n<p style=\"text-align: justify;\">La ceremonia cont\u00f3 con la presencia en la mesa principal, adem\u00e1s del secretario general \u00c1ngel \u00c1lvarez, por la gobernadora provincial, Martha Collado; el senador Odal\u00eds Rodr\u00edguez; el diputado Rub\u00e9n Pe\u00f1al\u00f3; el sacerdote Sinencio Peralta, entre otras personalidades.<\/p>\n<p>Fuente: Prensa MMV<\/p>\n","protected":false},"excerpt":{"rendered":"<p>Mao, Vaverde, Rep\u00fablica Dominicana.-Los dirigentes del Movimiento Marcelino Vega (MMV), Gabriel Cruz \u00abCruzman\u201d y Wilson<\/p>\n","protected":false},"author":1,"featured_media":48587,"comment_status":"open","ping_status":"open","sticky":false,"template":"","format":"standard","meta":{"footnotes":""},"categories":[7],"tags":[],"class_list":["post-48586","post","type-post","status-publish","format-standard","has-post-thumbnail","hentry","category-nacionales"],"_links":{"self":[{"href":"https:\/\/defrentealaverdad.com\/index.php\/wp-json\/wp\/v2\/posts\/48586","targetHints":{"allow":["GET"]}}],"collection":[{"href":"https:\/\/defrentealaverdad.com\/index.php\/wp-json\/wp\/v2\/posts"}],"about":[{"href":"https:\/\/defrentealaverdad.com\/index.php\/wp-json\/wp\/v2\/types\/post"}],"author":[{"embeddable":true,"href":"https:\/\/defrentealaverdad.com\/index.php\/wp-json\/wp\/v2\/users\/1"}],"replies":[{"embeddable":true,"href":"https:\/\/defrentealaverdad.com\/index.php\/wp-json\/wp\/v2\/comments?post=48586"}],"version-history":[{"count":1,"href":"https:\/\/defrentealaverdad.com\/index.php\/wp-json\/wp\/v2\/posts\/48586\/revisions"}],"predecessor-version":[{"id":48588,"href":"https:\/\/defrentealaverdad.com\/index.php\/wp-json\/wp\/v2\/posts\/48586\/revisions\/48588"}],"wp:featuredmedia":[{"embeddable":true,"href":"https:\/\/defrentealaverdad.com\/index.php\/wp-json\/wp\/v2\/media\/48587"}],"wp:attachment":[{"href":"https:\/\/defrentealaverdad.com\/index.php\/wp-json\/wp\/v2\/media?parent=48586"}],"wp:term":[{"taxonomy":"category","embeddable":true,"href":"https:\/\/defrentealaverdad.com\/index.php\/wp-json\/wp\/v2\/categories?post=48586"},{"taxonomy":"post_tag","embeddable":true,"href":"https:\/\/defrentealaverdad.com\/index.php\/wp-json\/wp\/v2\/tags?post=48586"}],"curies":[{"name":"wp","href":"https:\/\/api.w.org\/{rel}","templated":true}]}}