{"id":48566,"date":"2025-09-14T19:00:56","date_gmt":"2025-09-14T19:00:56","guid":{"rendered":"https:\/\/defrentealaverdad.com\/?p=48566"},"modified":"2025-09-15T00:29:16","modified_gmt":"2025-09-15T00:29:16","slug":"la-nueva-propuesta-de-leonardo-fifth-avenue-ceremonia-2026-conquista-el-bridal-week-rd","status":"publish","type":"post","link":"https:\/\/defrentealaverdad.com\/index.php\/2025\/09\/14\/la-nueva-propuesta-de-leonardo-fifth-avenue-ceremonia-2026-conquista-el-bridal-week-rd\/","title":{"rendered":"La nueva propuesta de Leonardo Fifth Avenue: \u201cCeremonia 2026\u201d, conquista el Bridal Week RD"},"content":{"rendered":"<blockquote>\n<p style=\"text-align: center;\">Inspirada en la riqueza cultural dominicana, esta colecci\u00f3n que combina frescura y sofisticaci\u00f3n masculina, y que tendr\u00e1 nuevas presentaciones en Florida y Puerto Rico, cerr\u00f3 con broche de oro el evento m\u00e1s importante de la moda nupcial en la Rep\u00fablica Dominicana.<\/p>\n<\/blockquote>\n<p style=\"text-align: justify;\"><strong>Santo Domingo, septiembre de 2025<\/strong>. La firma Leonardo Fifth Avenue, bajo la direcci\u00f3n creativa del dise\u00f1ador internacional Leonardo Cordero Suria, deslumbr\u00f3 en el desfile de clausura del Bridal Week RD 2026, celebrado en el Hotel Kimpton Las Mercedes de Santo Domingo, con el lanzamiento oficial de su m\u00e1s reciente colecci\u00f3n: \u201cCeremonia 2026\u201d.<\/p>\n<p style=\"text-align: justify;\">Inspirada en los colores, la energ\u00eda y la esencia cultural de la Rep\u00fablica Dominicana, la propuesta reafirm\u00f3 la visi\u00f3n de Cordero Suria: moda masculina sofisticada, con car\u00e1cter y elegancia. En esta ocasi\u00f3n, la pasarela vio desfilar una l\u00ednea creativa fresca y en tonos claros \u2014azul cielo, gris suave, crema y vino\u2014 enriquecida con texturas como cuadros y houndstooth; as\u00ed como, atrevidos contrastes en solapas y detalles. La gala evolucion\u00f3 hacia una paleta m\u00e1s intensa con charcoal, gris profundo y negro, en un audaz juego de siluetas y rayas, que reafirm\u00f3 la tradici\u00f3n de cerrar con fuerza y distinci\u00f3n.<\/p>\n<p style=\"text-align: justify;\">En el marco de este Bridal Week RD, Cordero Suria manifest\u00f3 su gratitud al presentar en Santo Domingo su colecci\u00f3n Ceremonia 2026:<\/p>\n<blockquote>\n<p style=\"text-align: center;\">\u201cEs un honor inmenso lanzar esta propuesta en un pa\u00eds que siempre ha sido para m\u00ed una inagotable fuente de inspiraci\u00f3n\u201d.<\/p>\n<\/blockquote>\n<p style=\"text-align: justify;\">Tras su exitoso debut en Santo Domingo, \u201cCeremonia 2026\u201d llevar\u00e1 a cabo un recorrido internacional con presentaciones en el Festival de Arte de Winter Park, Florida, el 12 de octubre, y en el San Juan Fairmont Hotel, Puerto Rico, el 27 de octubre.<\/p>\n<p style=\"text-align: justify;\">Para conocer en detalle esta colecci\u00f3n y el conjunto de servicios que distinguen a esta firma de moda, los interesados pueden visitar el Instagram @leonardofifthavenuerd o dirigirse a su estudio-boutique ubicado en la cuarta planta de Plaza Central, Santo Domingo.<\/p>\n<p>Fuente: Equipo Leonardo Fifth Avenue<\/p>\n<p>&nbsp;<\/p>\n<p>&nbsp;<\/p>\n<p>&nbsp;<\/p>\n<p>&nbsp;<\/p>\n<p>&nbsp;<\/p>\n<p>&nbsp;<\/p>\n","protected":false},"excerpt":{"rendered":"<p>Inspirada en la riqueza cultural dominicana, esta colecci\u00f3n que combina frescura y sofisticaci\u00f3n masculina, y<\/p>\n","protected":false},"author":1,"featured_media":48567,"comment_status":"open","ping_status":"open","sticky":false,"template":"","format":"standard","meta":{"footnotes":""},"categories":[247],"tags":[],"class_list":["post-48566","post","type-post","status-publish","format-standard","has-post-thumbnail","hentry","category-moda"],"_links":{"self":[{"href":"https:\/\/defrentealaverdad.com\/index.php\/wp-json\/wp\/v2\/posts\/48566","targetHints":{"allow":["GET"]}}],"collection":[{"href":"https:\/\/defrentealaverdad.com\/index.php\/wp-json\/wp\/v2\/posts"}],"about":[{"href":"https:\/\/defrentealaverdad.com\/index.php\/wp-json\/wp\/v2\/types\/post"}],"author":[{"embeddable":true,"href":"https:\/\/defrentealaverdad.com\/index.php\/wp-json\/wp\/v2\/users\/1"}],"replies":[{"embeddable":true,"href":"https:\/\/defrentealaverdad.com\/index.php\/wp-json\/wp\/v2\/comments?post=48566"}],"version-history":[{"count":1,"href":"https:\/\/defrentealaverdad.com\/index.php\/wp-json\/wp\/v2\/posts\/48566\/revisions"}],"predecessor-version":[{"id":48568,"href":"https:\/\/defrentealaverdad.com\/index.php\/wp-json\/wp\/v2\/posts\/48566\/revisions\/48568"}],"wp:featuredmedia":[{"embeddable":true,"href":"https:\/\/defrentealaverdad.com\/index.php\/wp-json\/wp\/v2\/media\/48567"}],"wp:attachment":[{"href":"https:\/\/defrentealaverdad.com\/index.php\/wp-json\/wp\/v2\/media?parent=48566"}],"wp:term":[{"taxonomy":"category","embeddable":true,"href":"https:\/\/defrentealaverdad.com\/index.php\/wp-json\/wp\/v2\/categories?post=48566"},{"taxonomy":"post_tag","embeddable":true,"href":"https:\/\/defrentealaverdad.com\/index.php\/wp-json\/wp\/v2\/tags?post=48566"}],"curies":[{"name":"wp","href":"https:\/\/api.w.org\/{rel}","templated":true}]}}