{"id":48561,"date":"2025-09-14T18:15:35","date_gmt":"2025-09-14T18:15:35","guid":{"rendered":"https:\/\/defrentealaverdad.com\/?p=48561"},"modified":"2025-09-14T23:58:51","modified_gmt":"2025-09-14T23:58:51","slug":"luis-abinadertengo-amigos-pero-no-complices","status":"publish","type":"post","link":"https:\/\/defrentealaverdad.com\/index.php\/2025\/09\/14\/luis-abinadertengo-amigos-pero-no-complices\/","title":{"rendered":"Luis Abinader:\u201ctengo amigos, pero no c\u00f3mplices\u201d"},"content":{"rendered":"<p>Por Felix Rubio<\/p>\n<blockquote>\n<p style=\"text-align: center;\">Presidente Abinader reitera lucha contra corrupci\u00f3n e impunidad.<\/p>\n<\/blockquote>\n<p style=\"text-align: justify;\">El presidente de la Rep\u00fablica Dominicana, Luis Abinader, reafirm\u00f3 hoy con contundencia su compromiso con la transparencia y la integridad en la gesti\u00f3n p\u00fablica al declarar:<\/p>\n<blockquote>\n<p style=\"text-align: center;\">\u201cYo tengo muchos amigos, pero no c\u00f3mplices\u201d.<\/p>\n<\/blockquote>\n<p style=\"text-align: justify;\">Al publicar un post en su cuenta de X, el Primer Mandatario expres\u00f3 que el env\u00edo de un informe sobre irregularidades encontradas en SENASA ante la Procuradur\u00eda General de la Rep\u00fablica, refleja su pol\u00edtica de enfrentar desde el gobierno la corrupci\u00f3n e impunidad.<\/p>\n<p style=\"text-align: justify;\">Abinader precis\u00f3 que en su administraci\u00f3n no habr\u00e1 espacio para la complicidad ni la impunidad de actos il\u00edcitos. Subray\u00f3 que la transparencia es innegociable y que cualquier persona involucrada en irregularidades deber\u00e1 enfrentar las consecuencias, independientemente de su cercan\u00eda personal o pol\u00edtica. Abinader finaliz\u00f3 indicando:<\/p>\n<blockquote>\n<p style=\"text-align: center;\">\u201cEn mi gobierno no permitir\u00e9 impunidad de ning\u00fan tipo. Quienes pretendan servirse del Estado deber\u00e1n responder ante la ley\u201d.<\/p>\n<\/blockquote>\n<p>Ver mensa en X: <a href=\"https:\/\/x.com\/luisabinader\/status\/1967337109053731031?t=hgyefsCEs9YSq0z6P-HO8g&amp;s=08\">https:\/\/x.com\/luisabinader\/status\/1967337109053731031?t=hgyefsCEs9YSq0z6P-HO8g&amp;s=08<\/a><\/p>\n<p>Fuente: Presidencia RD<\/p>\n","protected":false},"excerpt":{"rendered":"<p>Por Felix Rubio Presidente Abinader reitera lucha contra corrupci\u00f3n e impunidad. El presidente de la<\/p>\n","protected":false},"author":1,"featured_media":48565,"comment_status":"open","ping_status":"open","sticky":false,"template":"","format":"standard","meta":{"footnotes":""},"categories":[7],"tags":[],"class_list":["post-48561","post","type-post","status-publish","format-standard","has-post-thumbnail","hentry","category-nacionales"],"_links":{"self":[{"href":"https:\/\/defrentealaverdad.com\/index.php\/wp-json\/wp\/v2\/posts\/48561","targetHints":{"allow":["GET"]}}],"collection":[{"href":"https:\/\/defrentealaverdad.com\/index.php\/wp-json\/wp\/v2\/posts"}],"about":[{"href":"https:\/\/defrentealaverdad.com\/index.php\/wp-json\/wp\/v2\/types\/post"}],"author":[{"embeddable":true,"href":"https:\/\/defrentealaverdad.com\/index.php\/wp-json\/wp\/v2\/users\/1"}],"replies":[{"embeddable":true,"href":"https:\/\/defrentealaverdad.com\/index.php\/wp-json\/wp\/v2\/comments?post=48561"}],"version-history":[{"count":2,"href":"https:\/\/defrentealaverdad.com\/index.php\/wp-json\/wp\/v2\/posts\/48561\/revisions"}],"predecessor-version":[{"id":48563,"href":"https:\/\/defrentealaverdad.com\/index.php\/wp-json\/wp\/v2\/posts\/48561\/revisions\/48563"}],"wp:featuredmedia":[{"embeddable":true,"href":"https:\/\/defrentealaverdad.com\/index.php\/wp-json\/wp\/v2\/media\/48565"}],"wp:attachment":[{"href":"https:\/\/defrentealaverdad.com\/index.php\/wp-json\/wp\/v2\/media?parent=48561"}],"wp:term":[{"taxonomy":"category","embeddable":true,"href":"https:\/\/defrentealaverdad.com\/index.php\/wp-json\/wp\/v2\/categories?post=48561"},{"taxonomy":"post_tag","embeddable":true,"href":"https:\/\/defrentealaverdad.com\/index.php\/wp-json\/wp\/v2\/tags?post=48561"}],"curies":[{"name":"wp","href":"https:\/\/api.w.org\/{rel}","templated":true}]}}