{"id":4855,"date":"2023-05-04T17:03:02","date_gmt":"2023-05-04T17:03:02","guid":{"rendered":"https:\/\/defrentealaverdad.com\/?p=4855"},"modified":"2023-05-04T17:05:48","modified_gmt":"2023-05-04T17:05:48","slug":"ciudadanos-promueven-a-leandro-mieses-como-candidato-a-diputado-por-santo-domingo-oeste","status":"publish","type":"post","link":"https:\/\/defrentealaverdad.com\/index.php\/2023\/05\/04\/ciudadanos-promueven-a-leandro-mieses-como-candidato-a-diputado-por-santo-domingo-oeste\/","title":{"rendered":"Ciudadanos promueven a Leandro Mieses como candidato a diputado por Santo Domingo Oeste"},"content":{"rendered":"<p><img decoding=\"async\" class=\"wp-image-4856 aligncenter lazyload\" data-src=\"https:\/\/defrentealaverdad.com\/wp-content\/uploads\/2023\/05\/WhatsApp-Image-2023-05-04-at-12.53.36-1-300x200.jpeg\" alt=\"\" width=\"365\" height=\"243\" data-srcset=\"https:\/\/defrentealaverdad.com\/wp-content\/uploads\/2023\/05\/WhatsApp-Image-2023-05-04-at-12.53.36-1-300x200.jpeg 300w, https:\/\/defrentealaverdad.com\/wp-content\/uploads\/2023\/05\/WhatsApp-Image-2023-05-04-at-12.53.36-1-1024x682.jpeg 1024w, https:\/\/defrentealaverdad.com\/wp-content\/uploads\/2023\/05\/WhatsApp-Image-2023-05-04-at-12.53.36-1-768x512.jpeg 768w, https:\/\/defrentealaverdad.com\/wp-content\/uploads\/2023\/05\/WhatsApp-Image-2023-05-04-at-12.53.36-1-1536x1023.jpeg 1536w, https:\/\/defrentealaverdad.com\/wp-content\/uploads\/2023\/05\/WhatsApp-Image-2023-05-04-at-12.53.36-1.jpeg 1600w\" data-sizes=\"(max-width: 365px) 100vw, 365px\" src=\"data:image\/svg+xml;base64,PHN2ZyB3aWR0aD0iMSIgaGVpZ2h0PSIxIiB4bWxucz0iaHR0cDovL3d3dy53My5vcmcvMjAwMC9zdmciPjwvc3ZnPg==\" style=\"--smush-placeholder-width: 365px; --smush-placeholder-aspect-ratio: 365\/243;\" \/><\/p>\n<p style=\"text-align: justify;\">Bajo la consigna \u201cEl momento es ahora\u201d, un grupo de ciudadanos han colocado vallas en distintos lugares del municipio Santo Domingo Oeste, motivando a que el l\u00edder comunitario y dirigente pol\u00edtico Leandro Mieses opte por la candidatura a diputado del Congreso Nacional, en representaci\u00f3n de esa demarcaci\u00f3n.<\/p>\n<p><img decoding=\"async\" class=\"wp-image-4857 aligncenter lazyload\" data-src=\"https:\/\/defrentealaverdad.com\/wp-content\/uploads\/2023\/05\/WhatsApp-Image-2023-05-04-at-12.53.36-300x200.jpeg\" alt=\"\" width=\"329\" height=\"219\" data-srcset=\"https:\/\/defrentealaverdad.com\/wp-content\/uploads\/2023\/05\/WhatsApp-Image-2023-05-04-at-12.53.36-300x200.jpeg 300w, https:\/\/defrentealaverdad.com\/wp-content\/uploads\/2023\/05\/WhatsApp-Image-2023-05-04-at-12.53.36-1024x682.jpeg 1024w, https:\/\/defrentealaverdad.com\/wp-content\/uploads\/2023\/05\/WhatsApp-Image-2023-05-04-at-12.53.36-768x512.jpeg 768w, https:\/\/defrentealaverdad.com\/wp-content\/uploads\/2023\/05\/WhatsApp-Image-2023-05-04-at-12.53.36-1536x1023.jpeg 1536w, https:\/\/defrentealaverdad.com\/wp-content\/uploads\/2023\/05\/WhatsApp-Image-2023-05-04-at-12.53.36.jpeg 1600w\" data-sizes=\"(max-width: 329px) 100vw, 329px\" src=\"data:image\/svg+xml;base64,PHN2ZyB3aWR0aD0iMSIgaGVpZ2h0PSIxIiB4bWxucz0iaHR0cDovL3d3dy53My5vcmcvMjAwMC9zdmciPjwvc3ZnPg==\" style=\"--smush-placeholder-width: 329px; --smush-placeholder-aspect-ratio: 329\/219;\" \/><\/p>\n<p style=\"text-align: justify;\">Mieses, quien est\u00e1 siendo promovido por ciudadanos y ciudadanas interesados en que se postule como diputado, se le ha visto en reuniones escuchando a la gente, aunque hasta el momento no se ha publicado un comunicado oficial al respecto.<\/p>\n<p style=\"text-align: justify;\">Leandro Mieses se ha destacado por su amplio conocimiento en planificaci\u00f3n de Estado y es poseedor de vasta experiencia como funcionario municipal.<\/p>\n<p style=\"text-align: justify;\">Frases como \u201cdesarrollo de la ciudad\u201d \u201cel deporte como marca ciudad, en Santo Domingo Oeste\u201d y \u201cla juventud y el futuro\u201d, est\u00e1n marcadas en sus mensajes a trav\u00e9s de las redes sociales.<\/p>\n<p><img decoding=\"async\" class=\"wp-image-4858 aligncenter lazyload\" data-src=\"https:\/\/defrentealaverdad.com\/wp-content\/uploads\/2023\/05\/WhatsApp-Image-2023-05-04-at-12.53.35-300x225.jpeg\" alt=\"\" width=\"348\" height=\"261\" data-srcset=\"https:\/\/defrentealaverdad.com\/wp-content\/uploads\/2023\/05\/WhatsApp-Image-2023-05-04-at-12.53.35-300x225.jpeg 300w, https:\/\/defrentealaverdad.com\/wp-content\/uploads\/2023\/05\/WhatsApp-Image-2023-05-04-at-12.53.35-1024x768.jpeg 1024w, https:\/\/defrentealaverdad.com\/wp-content\/uploads\/2023\/05\/WhatsApp-Image-2023-05-04-at-12.53.35-768x576.jpeg 768w, https:\/\/defrentealaverdad.com\/wp-content\/uploads\/2023\/05\/WhatsApp-Image-2023-05-04-at-12.53.35-1536x1152.jpeg 1536w, https:\/\/defrentealaverdad.com\/wp-content\/uploads\/2023\/05\/WhatsApp-Image-2023-05-04-at-12.53.35-720x540.jpeg 720w, https:\/\/defrentealaverdad.com\/wp-content\/uploads\/2023\/05\/WhatsApp-Image-2023-05-04-at-12.53.35.jpeg 1600w\" data-sizes=\"(max-width: 348px) 100vw, 348px\" src=\"data:image\/svg+xml;base64,PHN2ZyB3aWR0aD0iMSIgaGVpZ2h0PSIxIiB4bWxucz0iaHR0cDovL3d3dy53My5vcmcvMjAwMC9zdmciPjwvc3ZnPg==\" style=\"--smush-placeholder-width: 348px; --smush-placeholder-aspect-ratio: 348\/261;\" \/><\/p>\n<p style=\"text-align: justify;\">Leandro Mieses es oriundo del populoso sector Kil\u00f3metro 12, lugar donde desde muy joven inici\u00f3 sus labores comunitarias, creando proyectos y promoviendo el deporte entre los m\u00e1s j\u00f3venes de su comunidad, a quienes tambi\u00e9n incentivaba a participar en labores sociales.<\/p>\n<p style=\"text-align: justify;\">Mieses es miembro del Partido Revolucionario Moderno (PRM).<\/p>\n<p style=\"text-align: justify;\">\n<p style=\"text-align: justify;\">Fuente: Articulando RD<\/p>\n","protected":false},"excerpt":{"rendered":"<p>Bajo la consigna \u201cEl momento es ahora\u201d, un grupo de ciudadanos han colocado vallas en<\/p>\n","protected":false},"author":1,"featured_media":0,"comment_status":"open","ping_status":"open","sticky":false,"template":"","format":"standard","meta":{"footnotes":""},"categories":[7,12],"tags":[],"class_list":["post-4855","post","type-post","status-publish","format-standard","hentry","category-nacionales","category-politicas"],"_links":{"self":[{"href":"https:\/\/defrentealaverdad.com\/index.php\/wp-json\/wp\/v2\/posts\/4855","targetHints":{"allow":["GET"]}}],"collection":[{"href":"https:\/\/defrentealaverdad.com\/index.php\/wp-json\/wp\/v2\/posts"}],"about":[{"href":"https:\/\/defrentealaverdad.com\/index.php\/wp-json\/wp\/v2\/types\/post"}],"author":[{"embeddable":true,"href":"https:\/\/defrentealaverdad.com\/index.php\/wp-json\/wp\/v2\/users\/1"}],"replies":[{"embeddable":true,"href":"https:\/\/defrentealaverdad.com\/index.php\/wp-json\/wp\/v2\/comments?post=4855"}],"version-history":[{"count":2,"href":"https:\/\/defrentealaverdad.com\/index.php\/wp-json\/wp\/v2\/posts\/4855\/revisions"}],"predecessor-version":[{"id":4860,"href":"https:\/\/defrentealaverdad.com\/index.php\/wp-json\/wp\/v2\/posts\/4855\/revisions\/4860"}],"wp:attachment":[{"href":"https:\/\/defrentealaverdad.com\/index.php\/wp-json\/wp\/v2\/media?parent=4855"}],"wp:term":[{"taxonomy":"category","embeddable":true,"href":"https:\/\/defrentealaverdad.com\/index.php\/wp-json\/wp\/v2\/categories?post=4855"},{"taxonomy":"post_tag","embeddable":true,"href":"https:\/\/defrentealaverdad.com\/index.php\/wp-json\/wp\/v2\/tags?post=4855"}],"curies":[{"name":"wp","href":"https:\/\/api.w.org\/{rel}","templated":true}]}}