{"id":4846,"date":"2023-04-30T14:01:33","date_gmt":"2023-04-30T14:01:33","guid":{"rendered":"https:\/\/defrentealaverdad.com\/?p=4846"},"modified":"2023-05-04T14:03:02","modified_gmt":"2023-05-04T14:03:02","slug":"empresa-viva-celebra-junto-a-sus-empleados-y-colaboradores-sus-15-anos","status":"publish","type":"post","link":"https:\/\/defrentealaverdad.com\/index.php\/2023\/04\/30\/empresa-viva-celebra-junto-a-sus-empleados-y-colaboradores-sus-15-anos\/","title":{"rendered":"Empresa VIVA celebra junto a sus empleados y colaboradores sus 15 a\u00f1os"},"content":{"rendered":"<p style=\"text-align: justify;\">Por Mirla Hern\u00e1ndez<\/p>\n<p><img decoding=\"async\" class=\"aligncenter lazyload\" data-src=\"https:\/\/imagenes.listindiario.com\/files\/main_image\/uploads\/2023\/05\/03\/6452d3afa5b4a.jpeg\" alt=\"Marco Herrera, presidente ejecutivo de VIVA junto a colaboradores.\" src=\"data:image\/svg+xml;base64,PHN2ZyB3aWR0aD0iMSIgaGVpZ2h0PSIxIiB4bWxucz0iaHR0cDovL3d3dy53My5vcmcvMjAwMC9zdmciPjwvc3ZnPg==\" \/><\/p>\n<p style=\"text-align: justify;\">\u00a0La empresa especializada en telefon\u00eda m\u00f3vil VIVA celebr\u00f3 sus 15 a\u00f1os de trayectoria junto a sus ejecutivos, empleados y colaboradores, con la realizaci\u00f3n de actividades donde se resaltaron los logros, el posicionamiento de la marca y el compromiso con el sector de las telecomunicaciones en el pa\u00eds.<\/p>\n<p style=\"text-align: justify;\">Durante el pasado mes de abril la entidad realiz\u00f3 varios encuentros en sus distintas localidades, los cuales contaron con eventos, actividades de integraci\u00f3n, rifas y concursos a trav\u00e9s de los que recordaron los hitos y avances de la empresa.<\/p>\n<p style=\"text-align: justify;\">Adem\u00e1s, la instituci\u00f3n premi\u00f3 a sus colaboradores con viajes a Colombia, electrodom\u00e9sticos, pasajes en ferries del Caribe y entre otros obsequios.<\/p>\n<p style=\"text-align: justify;\">El presidente ejecutivo de VIVA, Marco Herrera, agradeci\u00f3 colaboradores, destacando que con el esfuerzo y compromiso de ellos, en 15 han contribuido a lo que es la organizaci\u00f3n.<\/p>\n<p style=\"text-align: justify;\">Herrera resalt\u00f3 la satisfacci\u00f3n del grupo de medios Telemicro, grupo propietario de la empresa desde el 2016, por los logros y el posicionamiento de la marca. Tambi\u00e9n en el contexto de esta celebraci\u00f3n, present\u00f3 una filosof\u00eda organizacional con una nueva visi\u00f3n, misi\u00f3n y valores que \u201cimpulsar\u00e1 el proceso de transformaci\u00f3n, que les apoyar\u00e1 con m\u00e1s firmeza en su prop\u00f3sito de conectar a todos los dominicanos\u201d.<\/p>\n<p style=\"text-align: justify;\">Mediante un comunicado, la entidad destac\u00f3 ser la \u00fanica empresa de telecomunicaciones en el pa\u00eds de capital netamente dominicano, con el firme compromiso de llevar el desarrollo de tecnolog\u00edas nuevas y asequibles a todos y todas.<\/p>\n<p style=\"text-align: justify;\">Asimismo, afirm\u00f3 que en sus 15 a\u00f1os resaltan con orgullo el trayecto visualizando con entusiasmo y el futuro que est\u00e1n construyendo.<\/p>\n<p style=\"text-align: justify;\">Fuente: Equipo de Prensa VIVA<\/p>\n","protected":false},"excerpt":{"rendered":"<p>Por Mirla Hern\u00e1ndez \u00a0La empresa especializada en telefon\u00eda m\u00f3vil VIVA celebr\u00f3 sus 15 a\u00f1os de<\/p>\n","protected":false},"author":4,"featured_media":0,"comment_status":"open","ping_status":"open","sticky":false,"template":"","format":"standard","meta":{"footnotes":""},"categories":[2,7],"tags":[],"class_list":["post-4846","post","type-post","status-publish","format-standard","hentry","category-economicas","category-nacionales"],"_links":{"self":[{"href":"https:\/\/defrentealaverdad.com\/index.php\/wp-json\/wp\/v2\/posts\/4846","targetHints":{"allow":["GET"]}}],"collection":[{"href":"https:\/\/defrentealaverdad.com\/index.php\/wp-json\/wp\/v2\/posts"}],"about":[{"href":"https:\/\/defrentealaverdad.com\/index.php\/wp-json\/wp\/v2\/types\/post"}],"author":[{"embeddable":true,"href":"https:\/\/defrentealaverdad.com\/index.php\/wp-json\/wp\/v2\/users\/4"}],"replies":[{"embeddable":true,"href":"https:\/\/defrentealaverdad.com\/index.php\/wp-json\/wp\/v2\/comments?post=4846"}],"version-history":[{"count":2,"href":"https:\/\/defrentealaverdad.com\/index.php\/wp-json\/wp\/v2\/posts\/4846\/revisions"}],"predecessor-version":[{"id":4848,"href":"https:\/\/defrentealaverdad.com\/index.php\/wp-json\/wp\/v2\/posts\/4846\/revisions\/4848"}],"wp:attachment":[{"href":"https:\/\/defrentealaverdad.com\/index.php\/wp-json\/wp\/v2\/media?parent=4846"}],"wp:term":[{"taxonomy":"category","embeddable":true,"href":"https:\/\/defrentealaverdad.com\/index.php\/wp-json\/wp\/v2\/categories?post=4846"},{"taxonomy":"post_tag","embeddable":true,"href":"https:\/\/defrentealaverdad.com\/index.php\/wp-json\/wp\/v2\/tags?post=4846"}],"curies":[{"name":"wp","href":"https:\/\/api.w.org\/{rel}","templated":true}]}}