{"id":4840,"date":"2023-05-04T13:56:47","date_gmt":"2023-05-04T13:56:47","guid":{"rendered":"https:\/\/defrentealaverdad.com\/?p=4840"},"modified":"2023-05-04T13:56:47","modified_gmt":"2023-05-04T13:56:47","slug":"empresario-deja-cargo-en-empresa-mejia-arcala","status":"publish","type":"post","link":"https:\/\/defrentealaverdad.com\/index.php\/2023\/05\/04\/empresario-deja-cargo-en-empresa-mejia-arcala\/","title":{"rendered":"Empresario deja cargo en empresa Mej\u00eda Arcal\u00e1"},"content":{"rendered":"<p style=\"text-align: justify;\">Por Felix Rubio<\/p>\n<p style=\"text-align: justify;\"><img decoding=\"async\" data-src=\"https:\/\/imagenes.listindiario.com\/files\/vertical_main_image\/uploads\/2023\/05\/03\/6452f33dd079a.jpeg\" alt=\"El empresario Ra\u00fal Rizik Yeb.\" src=\"data:image\/svg+xml;base64,PHN2ZyB3aWR0aD0iMSIgaGVpZ2h0PSIxIiB4bWxucz0iaHR0cDovL3d3dy53My5vcmcvMjAwMC9zdmciPjwvc3ZnPg==\" class=\"lazyload\" \/><\/p>\n<p style=\"text-align: justify;\">El empresario Ra\u00fal Rizik Yeb anunci\u00f3 ayer a todas las instituciones p\u00fablicas y privadas, al comercio en general y a la sociedad dominicana, su salida formal como Presidente Ejecutivo-CEO del Grupo Mej\u00eda Arcal\u00e1.<\/p>\n<p style=\"text-align: justify;\">Dijo que tuvo el honor de liderar la empresa exitosamente durante 13 a\u00f1os, a la par con sus actividades comerciales, fruto de casi cuatro d\u00e9cadas de trabajo en el mundo de los negocios.<\/p>\n<p style=\"text-align: justify;\">\u201cEn esta vida breve y de continuos cambios, cerrar este ciclo en lo que respecta a mi rol como responsable del desempe\u00f1o de esta emblem\u00e1tica empresa, he hecho un traspaso de mando satisfactorio a los integrantes de la familia Mej\u00eda Arcal\u00e1, a quienes corresponde forjar con audacia y sabidur\u00eda el futuro de esta empresa, fundada en el 1954 por Don Ballardo Mej\u00eda Alvarado, mi querido suegro, hombre sabio y trabajador incansable, quien me confiri\u00f3 en el 2011 las riendas administrativas, con plenitud de confianza, honorabilidad, respeto y compromiso con la sociedad dominicana y m\u00e1s all\u00e1 de nuestras fronteras, conjuntamente con el extraordinario equipo de hombres y mujeres, que conformamos con excelentes colaboradores\u201d, expres\u00f3 el empresario en un comunicado.<\/p>\n<p style=\"text-align: justify;\">Indic\u00f3 que a partir de este momento cede al consejo de socias herederas, el rol de responsabilidad con sus obligaciones inherentes en la toma decisiones trascendentales en Mej\u00eda Arcal\u00e1.<\/p>\n<p style=\"text-align: justify;\">\u201cDeseo de todo coraz\u00f3n a toda la familia y a la nueva administraci\u00f3n, sabidur\u00eda y muchos \u00e9xitos en esta nueva etapa corporativa, dando frutos en favor de nuestro pa\u00eds y de toda la sociedad dominicana\u201d, precis\u00f3 Rizik Yeb.<\/p>\n<p style=\"text-align: justify;\"><strong>AGRADECIDO<\/strong><\/p>\n<p style=\"text-align: justify;\">Precis\u00f3 que, como hombre agradecido y formado para valorar al pr\u00f3jimo, extiende su mano solidaria y sincera a tantos colaboradores, amigos, familiares y grandes aliados que le han acompa\u00f1ado fielmente a lo largo de este gran transcurrir de la vida; y especialmente en estos 13 a\u00f1os.<\/p>\n<p style=\"text-align: justify;\">Expres\u00f3 tambi\u00e9n el agradecimiento por su distinci\u00f3n y respeto a lo largo de arduas jornadas de negocios y momentos memorables, a sus amigos de Arla Foods de Dinamarca, due\u00f1os de la marca principal Milex.<\/p>\n<p style=\"text-align: justify;\">\u201cCon la gracia del Alt\u00edsimo quien me gu\u00eda, sigo concentrado en mis empresas y actividades comerciales, siempre enfocado en contribuir con este pa\u00eds que tanto amo y con las familias dominicanas, quienes siempre han sido mi norte. Que Dios les bendiga\u201d, declar\u00f3 el empresario.<\/p>\n<p style=\"text-align: justify;\">\n<p style=\"text-align: justify;\">Fuente: List\u00edn Diario<\/p>\n","protected":false},"excerpt":{"rendered":"<p>Por Felix Rubio El empresario Ra\u00fal Rizik Yeb anunci\u00f3 ayer a todas las instituciones p\u00fablicas<\/p>\n","protected":false},"author":1,"featured_media":0,"comment_status":"open","ping_status":"open","sticky":false,"template":"","format":"standard","meta":{"footnotes":""},"categories":[2,7],"tags":[],"class_list":["post-4840","post","type-post","status-publish","format-standard","hentry","category-economicas","category-nacionales"],"_links":{"self":[{"href":"https:\/\/defrentealaverdad.com\/index.php\/wp-json\/wp\/v2\/posts\/4840","targetHints":{"allow":["GET"]}}],"collection":[{"href":"https:\/\/defrentealaverdad.com\/index.php\/wp-json\/wp\/v2\/posts"}],"about":[{"href":"https:\/\/defrentealaverdad.com\/index.php\/wp-json\/wp\/v2\/types\/post"}],"author":[{"embeddable":true,"href":"https:\/\/defrentealaverdad.com\/index.php\/wp-json\/wp\/v2\/users\/1"}],"replies":[{"embeddable":true,"href":"https:\/\/defrentealaverdad.com\/index.php\/wp-json\/wp\/v2\/comments?post=4840"}],"version-history":[{"count":1,"href":"https:\/\/defrentealaverdad.com\/index.php\/wp-json\/wp\/v2\/posts\/4840\/revisions"}],"predecessor-version":[{"id":4841,"href":"https:\/\/defrentealaverdad.com\/index.php\/wp-json\/wp\/v2\/posts\/4840\/revisions\/4841"}],"wp:attachment":[{"href":"https:\/\/defrentealaverdad.com\/index.php\/wp-json\/wp\/v2\/media?parent=4840"}],"wp:term":[{"taxonomy":"category","embeddable":true,"href":"https:\/\/defrentealaverdad.com\/index.php\/wp-json\/wp\/v2\/categories?post=4840"},{"taxonomy":"post_tag","embeddable":true,"href":"https:\/\/defrentealaverdad.com\/index.php\/wp-json\/wp\/v2\/tags?post=4840"}],"curies":[{"name":"wp","href":"https:\/\/api.w.org\/{rel}","templated":true}]}}