{"id":4838,"date":"2023-04-18T13:52:40","date_gmt":"2023-04-18T13:52:40","guid":{"rendered":"https:\/\/defrentealaverdad.com\/?p=4838"},"modified":"2023-05-04T13:53:56","modified_gmt":"2023-05-04T13:53:56","slug":"ministro-de-la-juventud-realiza-visita-a-la-egemerd","status":"publish","type":"post","link":"https:\/\/defrentealaverdad.com\/index.php\/2023\/04\/18\/ministro-de-la-juventud-realiza-visita-a-la-egemerd\/","title":{"rendered":"Ministro de la Juventud realiza visita a la EGEMERD."},"content":{"rendered":"<p>Por Felix Rubio<\/p>\n<p><img decoding=\"async\" class=\"wp-image-9623 aligncenter lazyload\" data-src=\"https:\/\/insude.edu.do\/wp-content\/uploads\/2023\/04\/341539736_1337992700147504_8833469685814163081_n.jpg\" data-sizes=\"(max-width: 720px) 100vw, 720px\" data-srcset=\"https:\/\/insude.edu.do\/wp-content\/uploads\/2023\/04\/341539736_1337992700147504_8833469685814163081_n.jpg 720w, https:\/\/insude.edu.do\/wp-content\/uploads\/2023\/04\/341539736_1337992700147504_8833469685814163081_n-300x225.jpg 300w, https:\/\/insude.edu.do\/wp-content\/uploads\/2023\/04\/341539736_1337992700147504_8833469685814163081_n-24x18.jpg 24w, https:\/\/insude.edu.do\/wp-content\/uploads\/2023\/04\/341539736_1337992700147504_8833469685814163081_n-36x27.jpg 36w, https:\/\/insude.edu.do\/wp-content\/uploads\/2023\/04\/341539736_1337992700147504_8833469685814163081_n-48x36.jpg 48w\" alt=\"\" width=\"720\" height=\"541\" data-id=\"9623\" src=\"data:image\/svg+xml;base64,PHN2ZyB3aWR0aD0iMSIgaGVpZ2h0PSIxIiB4bWxucz0iaHR0cDovL3d3dy53My5vcmcvMjAwMC9zdmciPjwvc3ZnPg==\" style=\"--smush-placeholder-width: 720px; --smush-placeholder-aspect-ratio: 720\/541;\" \/><\/p>\n<p>La Escuela de Graduados de Estudios Militares del ERD,.\u00a0@egemerdejercito, de la Facultad de Ciencias Militares del Instituto Superior Para la Defensa (INDUDE), recibi\u00f3 una visita de cortes\u00eda, por parte del Ministro de la Juventud,\u00a0<a href=\"https:\/\/www.instagram.com\/juventudrd\/\">@juventudrd<\/a>, Lic. Rafael J. F\u00e9liz Garc\u00eda, el cual ha enarbolado la bandera de la Inclusi\u00f3n Social como el principal reto de su gesti\u00f3n.<\/p>\n<p>De su lado, el Cnel. Jorge Luis V\u00e1zquez Su\u00e1rez, ERD, (DEM), Director General de la Escuela de Altos Estudios Militares del Ej\u00e9rcito, acompa\u00f1ado por su plana Mayor, Recibieron al Ministro, quien firm\u00f3 el libro de visitas distinguidas para luego hacer un recorrido guiado por las instalaciones de EGEMERD., donde pudo comprobar la amplitud de los espacios y las capacidades tecnol\u00f3gicas instaladas en las diferentes aulas de esta escuela de altos Estudios Militares.<\/p>\n<p>El Ministro convers\u00f3 con los estudiantes de Comando y Estado Mayor, sobre el objetivo del Ministerio de la Juventud, de lograr la inclusi\u00f3n social de las juventudes en Rep\u00fablica Dominicana, ejecutando la visi\u00f3n del se\u00f1or presidente, donde los j\u00f3venes son una pieza esencial para lograr un desarrollo econ\u00f3mico, social, inclusivo y sostenible.<\/p>\n<p>De su lado el se\u00f1or Ministro de la Juventud recibi\u00f3 explicaciones sobre el uso del moderno simulador t\u00e1ctico o caja de arena que se encuentra instalado en una de las aulas de EGEMERD.<\/p>\n<p>Al final de la visita, el Ministro recibi\u00f3 un presente por parte de los estudiantes en agradecimiento por su visita, mientras que el Cnel. Jorge Luis V\u00e1zquez Su\u00e1rez, ERD, (DEM), Director General de la escuela, le hizo entrega de la moneda institucional de EGEMERD, en nombre del Mayor General Carlos Antonio Fern\u00e1ndez Onofre, Comandante General del ERD.<\/p>\n<p>&nbsp;<\/p>\n<figure class=\"wp-block-gallery has-nested-images columns-default is-cropped wp-block-gallery-1 is-layout-flex\">\n<figure class=\"wp-block-image size-large\"><\/figure>\n<figure class=\"wp-block-image size-large\"><img decoding=\"async\" class=\"wp-image-9624 aligncenter lazyload\" data-src=\"https:\/\/insude.edu.do\/wp-content\/uploads\/2023\/04\/341592849_742361527382617_2705357383038269353_n.jpg\" data-sizes=\"(max-width: 527px) 100vw, 527px\" data-srcset=\"https:\/\/insude.edu.do\/wp-content\/uploads\/2023\/04\/341592849_742361527382617_2705357383038269353_n.jpg 527w, https:\/\/insude.edu.do\/wp-content\/uploads\/2023\/04\/341592849_742361527382617_2705357383038269353_n-300x225.jpg 300w, https:\/\/insude.edu.do\/wp-content\/uploads\/2023\/04\/341592849_742361527382617_2705357383038269353_n-24x18.jpg 24w, https:\/\/insude.edu.do\/wp-content\/uploads\/2023\/04\/341592849_742361527382617_2705357383038269353_n-36x27.jpg 36w, https:\/\/insude.edu.do\/wp-content\/uploads\/2023\/04\/341592849_742361527382617_2705357383038269353_n-48x36.jpg 48w\" alt=\"\" width=\"527\" height=\"396\" data-id=\"9624\" src=\"data:image\/svg+xml;base64,PHN2ZyB3aWR0aD0iMSIgaGVpZ2h0PSIxIiB4bWxucz0iaHR0cDovL3d3dy53My5vcmcvMjAwMC9zdmciPjwvc3ZnPg==\" style=\"--smush-placeholder-width: 527px; --smush-placeholder-aspect-ratio: 527\/396;\" \/><\/figure>\n<\/figure>\n<p>Fuente: Prensa Ministerio de Defensa RD<\/p>\n","protected":false},"excerpt":{"rendered":"<p>Por Felix Rubio La Escuela de Graduados de Estudios Militares del ERD,.\u00a0@egemerdejercito, de la Facultad<\/p>\n","protected":false},"author":1,"featured_media":0,"comment_status":"open","ping_status":"open","sticky":false,"template":"","format":"standard","meta":{"footnotes":""},"categories":[7],"tags":[],"class_list":["post-4838","post","type-post","status-publish","format-standard","hentry","category-nacionales"],"_links":{"self":[{"href":"https:\/\/defrentealaverdad.com\/index.php\/wp-json\/wp\/v2\/posts\/4838","targetHints":{"allow":["GET"]}}],"collection":[{"href":"https:\/\/defrentealaverdad.com\/index.php\/wp-json\/wp\/v2\/posts"}],"about":[{"href":"https:\/\/defrentealaverdad.com\/index.php\/wp-json\/wp\/v2\/types\/post"}],"author":[{"embeddable":true,"href":"https:\/\/defrentealaverdad.com\/index.php\/wp-json\/wp\/v2\/users\/1"}],"replies":[{"embeddable":true,"href":"https:\/\/defrentealaverdad.com\/index.php\/wp-json\/wp\/v2\/comments?post=4838"}],"version-history":[{"count":1,"href":"https:\/\/defrentealaverdad.com\/index.php\/wp-json\/wp\/v2\/posts\/4838\/revisions"}],"predecessor-version":[{"id":4839,"href":"https:\/\/defrentealaverdad.com\/index.php\/wp-json\/wp\/v2\/posts\/4838\/revisions\/4839"}],"wp:attachment":[{"href":"https:\/\/defrentealaverdad.com\/index.php\/wp-json\/wp\/v2\/media?parent=4838"}],"wp:term":[{"taxonomy":"category","embeddable":true,"href":"https:\/\/defrentealaverdad.com\/index.php\/wp-json\/wp\/v2\/categories?post=4838"},{"taxonomy":"post_tag","embeddable":true,"href":"https:\/\/defrentealaverdad.com\/index.php\/wp-json\/wp\/v2\/tags?post=4838"}],"curies":[{"name":"wp","href":"https:\/\/api.w.org\/{rel}","templated":true}]}}