{"id":4836,"date":"2023-05-04T13:52:13","date_gmt":"2023-05-04T13:52:13","guid":{"rendered":"https:\/\/defrentealaverdad.com\/?p=4836"},"modified":"2023-05-04T13:52:13","modified_gmt":"2023-05-04T13:52:13","slug":"turismo-invierte-rd202-millones-en-obras-la-altagracia","status":"publish","type":"post","link":"https:\/\/defrentealaverdad.com\/index.php\/2023\/05\/04\/turismo-invierte-rd202-millones-en-obras-la-altagracia\/","title":{"rendered":"Turismo invierte RD$202 millones en obras La Altagracia"},"content":{"rendered":"<p>Por Mirla Hern\u00e1ndez<\/p>\n<p><img decoding=\"async\" class=\"aligncenter lazyload\" data-src=\"https:\/\/imagenes.listindiario.com\/files\/main_image\/uploads\/2023\/05\/03\/64530ed8a1237.jpeg\" alt=\"El ministro David Collado dej\u00f3 iniciados los trabajos.\" src=\"data:image\/svg+xml;base64,PHN2ZyB3aWR0aD0iMSIgaGVpZ2h0PSIxIiB4bWxucz0iaHR0cDovL3d3dy53My5vcmcvMjAwMC9zdmciPjwvc3ZnPg==\" \/><\/p>\n<p style=\"text-align: justify;\">El ministro de Turismo, David Collado, agot\u00f3 este mi\u00e9rcoles una agenda de trabajo en La Altagracia, donde inaugur\u00f3 la reconstrucci\u00f3n de la v\u00eda de acceso a la playa de Macao y dej\u00f3 iniciados los trabajos de reconstrucci\u00f3n de las v\u00edas de accesos a la Bas\u00edlica de Hig\u00fcey, as\u00ed como de diversas calles del distrito municipal de Ver\u00f3n.<\/p>\n<p style=\"text-align: justify;\">Estas tres obras seguir\u00e1n fortaleciendo el desarrollo tur\u00edstico en la zona, y tienen una inversi\u00f3n de RD$202,036,328.<\/p>\n<p style=\"text-align: justify;\"><em>\u201cCada una de estas obras son viejos reclamos de la comunidad que nos comprometimos atender. Por eso estamos aqu\u00ed con ustedes\u201d,<\/em> dijo el ministro Collado.<\/p>\n<p style=\"text-align: justify;\">Afirm\u00f3 que esas obras tendr\u00e1n un impacto directo en el fortalecimiento del turismo de la provincia La Altagracia, que recibe la mayor cantidad de visitantes que llegan a Rep\u00fablica Dominicana.<\/p>\n<p style=\"text-align: justify;\">La inauguraci\u00f3n del acceso a la playa la de Macao consiste en la rehabilitaci\u00f3n de la v\u00eda de dos carriles de circulaci\u00f3n de seis metros de ancho, que conecta desde la carretera Hig\u00fcey-Macao hasta el acceso que conduce a Playa Macao, en una longitud de 1.2 kil\u00f3metros, a un costo de RD$35,957,924.07.<\/p>\n<p style=\"text-align: justify;\">Esa intervenci\u00f3n incluye la construcci\u00f3n de aceras, contenes y drenaje pluvial.<\/p>\n<p style=\"text-align: justify;\">\n<p style=\"text-align: justify;\">Fuente: Prensa MITUR<\/p>\n","protected":false},"excerpt":{"rendered":"<p>Por Mirla Hern\u00e1ndez El ministro de Turismo, David Collado, agot\u00f3 este mi\u00e9rcoles una agenda de<\/p>\n","protected":false},"author":4,"featured_media":0,"comment_status":"open","ping_status":"open","sticky":false,"template":"","format":"standard","meta":{"footnotes":""},"categories":[2,7,11],"tags":[],"class_list":["post-4836","post","type-post","status-publish","format-standard","hentry","category-economicas","category-nacionales","category-turismo"],"_links":{"self":[{"href":"https:\/\/defrentealaverdad.com\/index.php\/wp-json\/wp\/v2\/posts\/4836","targetHints":{"allow":["GET"]}}],"collection":[{"href":"https:\/\/defrentealaverdad.com\/index.php\/wp-json\/wp\/v2\/posts"}],"about":[{"href":"https:\/\/defrentealaverdad.com\/index.php\/wp-json\/wp\/v2\/types\/post"}],"author":[{"embeddable":true,"href":"https:\/\/defrentealaverdad.com\/index.php\/wp-json\/wp\/v2\/users\/4"}],"replies":[{"embeddable":true,"href":"https:\/\/defrentealaverdad.com\/index.php\/wp-json\/wp\/v2\/comments?post=4836"}],"version-history":[{"count":1,"href":"https:\/\/defrentealaverdad.com\/index.php\/wp-json\/wp\/v2\/posts\/4836\/revisions"}],"predecessor-version":[{"id":4837,"href":"https:\/\/defrentealaverdad.com\/index.php\/wp-json\/wp\/v2\/posts\/4836\/revisions\/4837"}],"wp:attachment":[{"href":"https:\/\/defrentealaverdad.com\/index.php\/wp-json\/wp\/v2\/media?parent=4836"}],"wp:term":[{"taxonomy":"category","embeddable":true,"href":"https:\/\/defrentealaverdad.com\/index.php\/wp-json\/wp\/v2\/categories?post=4836"},{"taxonomy":"post_tag","embeddable":true,"href":"https:\/\/defrentealaverdad.com\/index.php\/wp-json\/wp\/v2\/tags?post=4836"}],"curies":[{"name":"wp","href":"https:\/\/api.w.org\/{rel}","templated":true}]}}