{"id":4827,"date":"2023-05-04T13:46:01","date_gmt":"2023-05-04T13:46:01","guid":{"rendered":"https:\/\/defrentealaverdad.com\/?p=4827"},"modified":"2023-05-04T13:46:24","modified_gmt":"2023-05-04T13:46:24","slug":"abinader-envia-auxilio-prometido-a-zonas-agropecuarias-de-san-pedro-de-macoris-afectadas-por-huracan-fiona-y-abandonadas-por-gestiones-peledeistas","status":"publish","type":"post","link":"https:\/\/defrentealaverdad.com\/index.php\/2023\/05\/04\/abinader-envia-auxilio-prometido-a-zonas-agropecuarias-de-san-pedro-de-macoris-afectadas-por-huracan-fiona-y-abandonadas-por-gestiones-peledeistas\/","title":{"rendered":"Abinader env\u00eda auxilio prometido a zonas agropecuarias de San Pedro de Macoris afectadas por hurac\u00e1n Fiona y abandonadas por gestiones peledeistas"},"content":{"rendered":"<p style=\"text-align: justify;\">Inicia operativo preparaci\u00f3n de tierra, siembra y reconstrucci\u00f3n de caminos vecinales<\/p>\n<p><img decoding=\"async\" class=\"alignnone size-medium wp-image-4828 aligncenter lazyload\" data-src=\"https:\/\/defrentealaverdad.com\/wp-content\/uploads\/2023\/05\/WhatsApp-Image-2023-05-04-at-09.30.47-300x200.jpeg\" alt=\"\" width=\"300\" height=\"200\" data-srcset=\"https:\/\/defrentealaverdad.com\/wp-content\/uploads\/2023\/05\/WhatsApp-Image-2023-05-04-at-09.30.47-300x200.jpeg 300w, https:\/\/defrentealaverdad.com\/wp-content\/uploads\/2023\/05\/WhatsApp-Image-2023-05-04-at-09.30.47-1024x682.jpeg 1024w, https:\/\/defrentealaverdad.com\/wp-content\/uploads\/2023\/05\/WhatsApp-Image-2023-05-04-at-09.30.47-768x512.jpeg 768w, https:\/\/defrentealaverdad.com\/wp-content\/uploads\/2023\/05\/WhatsApp-Image-2023-05-04-at-09.30.47.jpeg 1280w\" data-sizes=\"(max-width: 300px) 100vw, 300px\" src=\"data:image\/svg+xml;base64,PHN2ZyB3aWR0aD0iMSIgaGVpZ2h0PSIxIiB4bWxucz0iaHR0cDovL3d3dy53My5vcmcvMjAwMC9zdmciPjwvc3ZnPg==\" style=\"--smush-placeholder-width: 300px; --smush-placeholder-aspect-ratio: 300\/200;\" \/><\/p>\n<p style=\"text-align: justify;\">SAN PEDRO DE MACOR\u00cdS. El presidente Luis Abinader dispuso, a trav\u00e9s del Ministerio de Agricultura, un gran operativo de arreglo de caminos vecinales, preparaci\u00f3n de tierra y entrega de semillas de hortalizas, cepas de pl\u00e1tano, esquejes de yuca y de plantas frutales, con el que ser\u00e1n beneficiados cientos de productores agr\u00edcolas de la Provincia San Pedro de Macor\u00eds.<\/p>\n<p style=\"text-align: justify;\">La actividad, realizada en la Gobernaci\u00f3n provincial petromacorisana, estuvo encabezada por el viceministro de Producci\u00f3n y Mercadeo, ingeniero Eulalio Ram\u00edrez, la gobernadora Aracelys Villanueva y el director del Instituto Dominicano de Telecomunicaciones (Indotel), Nelson Arroyo.<\/p>\n<p style=\"text-align: justify;\">En su intervenci\u00f3n, el viceministro Ram\u00edrez sostuvo que, por disposici\u00f3n del presidente Luis Abinader y el ministro Limber Cruz, se deja iniciado ese operativo, porque el inter\u00e9s del gobierno es que el pa\u00eds produzca lo que se consume, para lograr la autosuficiencia alimentaria en todos los rubros agr\u00edcolas, que los productores tengan rentabilidad y que los precios lleguen a la poblaci\u00f3n de manera razonable.<\/p>\n<p style=\"text-align: justify;\">\u201cHoy hemos tra\u00eddo un operativo de caminos vecinales con una flotilla de equipos pesados (gradas, bulldozer, rodillos y palas mec\u00e1nicas) para impactar m\u00e1s de 150 kil\u00f3metros, y 6 tractores para preparar gratuitamente los terrenos a los productores, y tambi\u00e9n varios camiones con material de siembra\u201d, manifest\u00f3. E indic\u00f3 que los productores recibir\u00e1n semillas de habichuelas, ma\u00edz, guandules, de hortalizas, plantas de frutales, cepas de pl\u00e1tano y esquejes de yuca para sus parcelas.<\/p>\n<p><img decoding=\"async\" class=\"alignnone size-medium wp-image-4830 aligncenter lazyload\" data-src=\"https:\/\/defrentealaverdad.com\/wp-content\/uploads\/2023\/05\/WhatsApp-Image-2023-05-04-at-09.30.46-300x200.jpeg\" alt=\"\" width=\"300\" height=\"200\" data-srcset=\"https:\/\/defrentealaverdad.com\/wp-content\/uploads\/2023\/05\/WhatsApp-Image-2023-05-04-at-09.30.46-300x200.jpeg 300w, https:\/\/defrentealaverdad.com\/wp-content\/uploads\/2023\/05\/WhatsApp-Image-2023-05-04-at-09.30.46-1024x682.jpeg 1024w, https:\/\/defrentealaverdad.com\/wp-content\/uploads\/2023\/05\/WhatsApp-Image-2023-05-04-at-09.30.46-768x512.jpeg 768w, https:\/\/defrentealaverdad.com\/wp-content\/uploads\/2023\/05\/WhatsApp-Image-2023-05-04-at-09.30.46.jpeg 1280w\" data-sizes=\"(max-width: 300px) 100vw, 300px\" src=\"data:image\/svg+xml;base64,PHN2ZyB3aWR0aD0iMSIgaGVpZ2h0PSIxIiB4bWxucz0iaHR0cDovL3d3dy53My5vcmcvMjAwMC9zdmciPjwvc3ZnPg==\" style=\"--smush-placeholder-width: 300px; --smush-placeholder-aspect-ratio: 300\/200;\" \/><\/p>\n<p style=\"text-align: justify;\">En el acto tambi\u00e9n hicieron uso de la palabra la gobernadora civil ; el director del Indotel y Richard Montilla, alcalde del Municipio Quisqueya, quienes se mostraron satisfechos por el lanzamiento del plan de reconstrucci\u00f3n de caminos y de siembra, que persigue fortalecer los campos de esta provincia que fueron abandonados por el PLD y azotados por el hurac\u00e1n Fiona.<\/p>\n<p style=\"text-align: justify;\">En el encuentro, bendecido por el pastor Fabio Silvestre, estuvieron presentes, adem\u00e1s, los alcaldes Juan Padilla, de Consuelo y Santa Valdez, de Pedro Santana; Juan Pacheco Mej\u00eda, director del distrito municipal de El Puerto; Mauricio Cruz, encargado de Equipos Pesados de Agricultura; Luisa Pierre, presidenta del Consejo de Regidores de San Pedro de Macor\u00eds, y Fausto El\u00edas Tejada, presidente de la Asociaci\u00f3n Nacional de Profesionales Agropecuarios (ANPA).<\/p>\n<p>&nbsp;<\/p>\n<p>Fuente: Direcci\u00f3n de Comunicaciones del Ministerio de Agricultura<\/p>\n","protected":false},"excerpt":{"rendered":"<p>Inicia operativo preparaci\u00f3n de tierra, siembra y reconstrucci\u00f3n de caminos vecinales SAN PEDRO DE MACOR\u00cdS.<\/p>\n","protected":false},"author":1,"featured_media":0,"comment_status":"open","ping_status":"open","sticky":false,"template":"","format":"standard","meta":{"footnotes":""},"categories":[2,7],"tags":[],"class_list":["post-4827","post","type-post","status-publish","format-standard","hentry","category-economicas","category-nacionales"],"_links":{"self":[{"href":"https:\/\/defrentealaverdad.com\/index.php\/wp-json\/wp\/v2\/posts\/4827","targetHints":{"allow":["GET"]}}],"collection":[{"href":"https:\/\/defrentealaverdad.com\/index.php\/wp-json\/wp\/v2\/posts"}],"about":[{"href":"https:\/\/defrentealaverdad.com\/index.php\/wp-json\/wp\/v2\/types\/post"}],"author":[{"embeddable":true,"href":"https:\/\/defrentealaverdad.com\/index.php\/wp-json\/wp\/v2\/users\/1"}],"replies":[{"embeddable":true,"href":"https:\/\/defrentealaverdad.com\/index.php\/wp-json\/wp\/v2\/comments?post=4827"}],"version-history":[{"count":2,"href":"https:\/\/defrentealaverdad.com\/index.php\/wp-json\/wp\/v2\/posts\/4827\/revisions"}],"predecessor-version":[{"id":4831,"href":"https:\/\/defrentealaverdad.com\/index.php\/wp-json\/wp\/v2\/posts\/4827\/revisions\/4831"}],"wp:attachment":[{"href":"https:\/\/defrentealaverdad.com\/index.php\/wp-json\/wp\/v2\/media?parent=4827"}],"wp:term":[{"taxonomy":"category","embeddable":true,"href":"https:\/\/defrentealaverdad.com\/index.php\/wp-json\/wp\/v2\/categories?post=4827"},{"taxonomy":"post_tag","embeddable":true,"href":"https:\/\/defrentealaverdad.com\/index.php\/wp-json\/wp\/v2\/tags?post=4827"}],"curies":[{"name":"wp","href":"https:\/\/api.w.org\/{rel}","templated":true}]}}