{"id":4816,"date":"2023-05-04T13:31:34","date_gmt":"2023-05-04T13:31:34","guid":{"rendered":"https:\/\/defrentealaverdad.com\/?p=4816"},"modified":"2023-05-04T13:31:34","modified_gmt":"2023-05-04T13:31:34","slug":"la-camara-de-cuentas-sigue-sometida-al-fuego-cruzado-por-escandalos","status":"publish","type":"post","link":"https:\/\/defrentealaverdad.com\/index.php\/2023\/05\/04\/la-camara-de-cuentas-sigue-sometida-al-fuego-cruzado-por-escandalos\/","title":{"rendered":"La C\u00e1mara de Cuentas sigue sometida al fuego cruzado por esc\u00e1ndalos"},"content":{"rendered":"<p><img decoding=\"async\" class=\"aligncenter lazyload\" data-src=\"https:\/\/imagenes.listindiario.com\/files\/main_image\/uploads\/2023\/05\/03\/6452e67bd5f11.jpeg\" alt=\"Fracas\u00f3 ayer en el Senado el proyecto de resoluci\u00f3n que buscaba convocar a los miembros de la C\u00e1mara de Cuentas para que expliquen su situaci\u00f3n.\" src=\"data:image\/svg+xml;base64,PHN2ZyB3aWR0aD0iMSIgaGVpZ2h0PSIxIiB4bWxucz0iaHR0cDovL3d3dy53My5vcmcvMjAwMC9zdmciPjwvc3ZnPg==\" \/><\/p>\n<p style=\"text-align: justify;\">La caldera en la C\u00e1mara de Cuentas sigue ardiendo como resultado de su inoperancia, su divisi\u00f3n interna y los esc\u00e1ndalos que asedian a su presidente, Janel Ram\u00edrez, quien tiene un proceso judicial abierto acusado de acoso laboral en el \u00f3rgano de fiscalizaci\u00f3n externo del Estado.<\/p>\n<p style=\"text-align: justify;\">Ayer, el presidente Luis Abinader mostr\u00f3 su preocupaci\u00f3n por la situaci\u00f3n que atraviesa la C\u00e1mara de Cuentas luego de las recientes declaraciones del presidente de ese \u00f3rgano, Janel Ram\u00edrez, quien dijo sentirse <strong><em>\u201cun preso de confianza\u201d<\/em><\/strong> desde su posici\u00f3n y que es manipulado por el pleno de la entidad.<\/p>\n<p style=\"text-align: justify;\">En tanto, el Senado rechaz\u00f3 ayer una iniciativa legislativa opositora que buscaba una especie de interpelaci\u00f3n de los miembros en la c\u00e1mara alta, aunque varios senadores expresaron su inter\u00e9s en que la C\u00e1mara de Diputados apruebe una resoluci\u00f3n de interpelaci\u00f3n para proceder a un juicio pol\u00edtico.<\/p>\n<p style=\"text-align: justify;\">Durante la inauguraci\u00f3n del nuevo punto<em> \u201cGob.do de Servicios Presenciales\u201d, <\/em>Abinader dijo que es un <em>\u201ctema preocupante de un \u00f3rgano independiente\u201d, <\/em>pero adelant\u00f3 que \u201cel Senado tiene algunas ideas\u201d para remediar la situaci\u00f3n de la entidad fiscalizadora.<\/p>\n<p style=\"text-align: justify;\"><strong>En el Senado<\/strong><\/p>\n<p style=\"text-align: justify;\">El Senado rechaz\u00f3 ayer que los miembros de la C\u00e1mara de Cuentas comparezcan ante ese \u00f3rgano legislativo para explicar la situaci\u00f3n que paraliza sus actividades de fiscalizaci\u00f3n.<\/p>\n<p style=\"text-align: justify;\">La propuesta, remitida por el vocero del Partido de la Liberaci\u00f3n Dominicana (PLD) Yv\u00e1n Lorenzo, fue rechazada por la mayor\u00eda que compone el bloque del oficialista Partido Revolucionario Moderno (PRM).<\/p>\n<p style=\"text-align: justify;\">En su proyecto de resoluci\u00f3n, el senador buscaba invitar al pleno de la C\u00e1mara de Cuentas para explicar las situaciones de irregularidad en el \u00f3rgano y recibirlo como \u201ccomisi\u00f3n general\u201d.<\/p>\n<p style=\"text-align: justify;\">A pesar de esto, la propuesta fue rechazada por los legisladores del PRM, quienes posteriormente criticaron la medida.<\/p>\n<p style=\"text-align: justify;\">Seg\u00fan varios legisladores oficialistas, lo que procede, debido a todos los se\u00f1alamientos en torno a la C\u00e1mara de Cuentas, es proceder con el juicio pol\u00edtico, una figura que debe iniciar la C\u00e1mara de Diputados.<\/p>\n<p style=\"text-align: justify;\">La idea comenz\u00f3 con el senador reformista de La Vega, Ram\u00f3n Rogelio Genao, quien dijo que se debe proceder con una investigaci\u00f3n que derive en un juicio pol\u00edtico y solicit\u00f3 a la C\u00e1mara de Diputados empezar ese tr\u00e1mite.<\/p>\n<p style=\"text-align: justify;\">Misma idea replic\u00f3 el vocero del PRM, Franklin Romero, quien cuestion\u00f3 los pedidos del senador del PLD y reiter\u00f3 que el juicio pol\u00edtico debe ser iniciado por una acusaci\u00f3n de la C\u00e1mara de Diputados, ya que el Senado \u201cno es juez y parte\u201d.<\/p>\n<p style=\"text-align: justify;\">La senadora del Distrito Nacional, Faride Raful, critic\u00f3 el pedido de invitaci\u00f3n que hiciera Lorenzo y exigi\u00f3 el inicio de un juicio pol\u00edtico.<\/p>\n<p style=\"text-align: justify;\">\u201cYo quiero sanci\u00f3n, no quiero que vengan aqu\u00ed a hablar de c\u00f3mo se llevan (entre ellos)\u201d.<\/p>\n<p style=\"text-align: justify;\"><strong>Senadora del Distrito Nacional<\/strong><\/p>\n<p style=\"text-align: justify;\">Dentro de los debates que mantuvieron ayer sobre el tema el Senado, se intent\u00f3 tambi\u00e9n la posibilidad de que el pleno de la C\u00e1mara de Cuentas compadeciera ante la comisi\u00f3n de Justicia de ese \u00f3rgano, un ambiente cerrado, pero nuevamente el bloque oficialista rechaz\u00f3 la petici\u00f3n de la oposici\u00f3n.<\/p>\n<p style=\"text-align: justify;\">Seg\u00fan la Constituci\u00f3n y los reglamentos del Poder Legislativo, la C\u00e1mara de Diputados en el \u00f3rgano encargado de realizar la acusaci\u00f3n y el Senado debe actuar como \u201cjuez\u201d y realizar el juicio.<\/p>\n<p style=\"text-align: justify;\">El presidente de la C\u00e1mara de Cuentas admiti\u00f3 que en el \u00f3rgano fiscalizador impera un clima de ingobernabilidad.<\/p>\n<p style=\"text-align: justify;\">\n<p style=\"text-align: justify;\">Fuente: Listin Diario<\/p>\n","protected":false},"excerpt":{"rendered":"<p>La caldera en la C\u00e1mara de Cuentas sigue ardiendo como resultado de su inoperancia, su<\/p>\n","protected":false},"author":1,"featured_media":0,"comment_status":"open","ping_status":"open","sticky":false,"template":"","format":"standard","meta":{"footnotes":""},"categories":[7,12],"tags":[],"class_list":["post-4816","post","type-post","status-publish","format-standard","hentry","category-nacionales","category-politicas"],"_links":{"self":[{"href":"https:\/\/defrentealaverdad.com\/index.php\/wp-json\/wp\/v2\/posts\/4816","targetHints":{"allow":["GET"]}}],"collection":[{"href":"https:\/\/defrentealaverdad.com\/index.php\/wp-json\/wp\/v2\/posts"}],"about":[{"href":"https:\/\/defrentealaverdad.com\/index.php\/wp-json\/wp\/v2\/types\/post"}],"author":[{"embeddable":true,"href":"https:\/\/defrentealaverdad.com\/index.php\/wp-json\/wp\/v2\/users\/1"}],"replies":[{"embeddable":true,"href":"https:\/\/defrentealaverdad.com\/index.php\/wp-json\/wp\/v2\/comments?post=4816"}],"version-history":[{"count":1,"href":"https:\/\/defrentealaverdad.com\/index.php\/wp-json\/wp\/v2\/posts\/4816\/revisions"}],"predecessor-version":[{"id":4817,"href":"https:\/\/defrentealaverdad.com\/index.php\/wp-json\/wp\/v2\/posts\/4816\/revisions\/4817"}],"wp:attachment":[{"href":"https:\/\/defrentealaverdad.com\/index.php\/wp-json\/wp\/v2\/media?parent=4816"}],"wp:term":[{"taxonomy":"category","embeddable":true,"href":"https:\/\/defrentealaverdad.com\/index.php\/wp-json\/wp\/v2\/categories?post=4816"},{"taxonomy":"post_tag","embeddable":true,"href":"https:\/\/defrentealaverdad.com\/index.php\/wp-json\/wp\/v2\/tags?post=4816"}],"curies":[{"name":"wp","href":"https:\/\/api.w.org\/{rel}","templated":true}]}}