{"id":4787,"date":"2023-04-28T14:07:01","date_gmt":"2023-04-28T14:07:01","guid":{"rendered":"https:\/\/defrentealaverdad.com\/?p=4787"},"modified":"2023-05-03T14:07:43","modified_gmt":"2023-05-03T14:07:43","slug":"especialistas-en-salud-orientan-a-padres-aprender-a-como-reconocer-temprano-sintomas-del-autismo-en-ninos","status":"publish","type":"post","link":"https:\/\/defrentealaverdad.com\/index.php\/2023\/04\/28\/especialistas-en-salud-orientan-a-padres-aprender-a-como-reconocer-temprano-sintomas-del-autismo-en-ninos\/","title":{"rendered":"Especialistas en salud orientan a padres aprender a c\u00f3mo reconocer temprano s\u00edntomas del autismo en ni\u00f1os"},"content":{"rendered":"<p>Por Felix Rubio<\/p>\n<p><img decoding=\"async\" class=\"wp-image-23180 lazyload\" data-src=\"https:\/\/mide.gob.do\/wp-content\/uploads\/2023\/04\/Especialistas-en-salud-orientan-a-padres-aprender-a-como-reconocer-temprano-sintomas-del-autismo-en-ninos-1-1024x680.jpg\" data-sizes=\"(max-width: 1024px) 100vw, 1024px\" data-srcset=\"https:\/\/mide.gob.do\/wp-content\/uploads\/2023\/04\/Especialistas-en-salud-orientan-a-padres-aprender-a-como-reconocer-temprano-sintomas-del-autismo-en-ninos-1-1024x680.jpg 1024w, https:\/\/mide.gob.do\/wp-content\/uploads\/2023\/04\/Especialistas-en-salud-orientan-a-padres-aprender-a-como-reconocer-temprano-sintomas-del-autismo-en-ninos-1-300x199.jpg 300w, https:\/\/mide.gob.do\/wp-content\/uploads\/2023\/04\/Especialistas-en-salud-orientan-a-padres-aprender-a-como-reconocer-temprano-sintomas-del-autismo-en-ninos-1-768x510.jpg 768w, https:\/\/mide.gob.do\/wp-content\/uploads\/2023\/04\/Especialistas-en-salud-orientan-a-padres-aprender-a-como-reconocer-temprano-sintomas-del-autismo-en-ninos-1.jpg 1280w\" alt=\"Especialistas en salud orientan a padres aprender a c\u00f3mo reconocer temprano s\u00edntomas del autismo en ni\u00f1os 1\" width=\"1024\" height=\"680\" data-id=\"23180\" src=\"data:image\/svg+xml;base64,PHN2ZyB3aWR0aD0iMSIgaGVpZ2h0PSIxIiB4bWxucz0iaHR0cDovL3d3dy53My5vcmcvMjAwMC9zdmciPjwvc3ZnPg==\" style=\"--smush-placeholder-width: 1024px; --smush-placeholder-aspect-ratio: 1024\/680;\" \/><\/p>\n<p><strong>SANTO DOMINGO. \u2013 <\/strong>Especialistas de la salud que laboran en el Centro de Atenci\u00f3n Integral de las Fuerzas Armadas (CAIFFAA), recomiendan a los padres, en especial aquellos con dudas sobre el desarrollo de sus hijos, informarse sobre los s\u00edntomas del trastorno del espectro autista (TEA), a fin de detectar a tiempo se\u00f1ales de alarmas que presenten sus ni\u00f1os, que puedan ayudar a diagnosticar a temprana edad dicho trastorno.<\/p>\n<p>En el programa radial \u201cJ-5 Interactivo\u201d, los psic\u00f3logos cl\u00ednicos, la segundo teniente Alizamel Hern\u00e1ndez y el sargento mayor Jos\u00e9 Miguel Tavera Medina, llamaron a los miembros de la instituci\u00f3n acercarse al CAIFFAA, si tienen dudas o incertidumbre sicomotriz de sus hijos \u201cpara actuar a tiempo porque mientras m\u00e1s temprano se inicia la intervenci\u00f3n es mejor el pron\u00f3stico\u201d.<\/p>\n<p>La encargada de Desarrollo de Servicios del Centro de Atenci\u00f3n Integral para la discapacidad (CAID) Yahila de Pe\u00f1a, dijo que las manifestaciones\u00a0 del TEA se engloban en la comunicaci\u00f3n social y en comportamientos restringidos o repetitivos, condici\u00f3n que est\u00e1 presente desde el nacimiento del infante, pero no es hasta los dos a\u00f1os de edad que se realiza el diagnostico formal.<\/p>\n<p>El raso Justo Fernando M\u00e9ndez Mej\u00eda, ERD, padre de un ni\u00f1o autista, inform\u00f3 que producto del alto costo que implica para una familia evaluar en un centro privado a un ni\u00f1o con condici\u00f3n especial y la falta de recursos econ\u00f3micos al momento del diagn\u00f3stico de su hijo, se le imposibilit\u00f3 el acceso a una atenci\u00f3n temprana de calidad.<\/p>\n<p>M\u00e9ndez Mej\u00eda dijo que gracias a las terapias cognitivo- conductual, del habla y ocupacional que ha recibido su hijo desde los inicios del CAIFFAA, ha visto notable el avance en recibir mandatos, reconocer objetos y el contacto visual.<\/p>\n<p>Los m\u00e9dicos del CAIFFAA a\u00f1adieron que tienen previsto crear un departamento que brinde entrenamiento a los padres, que les ayude a conocer la condici\u00f3n de sus hijos y al mismo tiempo manejar los aspectos emocionales de tener un miembro con esa discapacidad. El CAIFFAA estar\u00e1 a disposici\u00f3n de todos los miembros de las FF.AA., y est\u00e1 ubicado en el km 16 \u00bd de la carretera Mella dentro del recinto de las Escuela Vocacionales de las Fuerzas Armadas y la Polic\u00eda Nacional en San Isidro, Santo Domingo Este.<\/p>\n<figure class=\"wp-block-gallery has-nested-images columns-default is-cropped wp-block-gallery-1 is-layout-flex\">\n<figure class=\"wp-block-image size-large\"><\/figure>\n<figure class=\"wp-block-image size-large\"><img decoding=\"async\" class=\"wp-image-23181 lazyload\" data-src=\"https:\/\/mide.gob.do\/wp-content\/uploads\/2023\/04\/Especialistas-en-salud-orientan-a-padres-aprender-a-como-reconocer-temprano-sintomas-del-autismo-en-ninos-2-1024x680.jpg\" data-sizes=\"(max-width: 1024px) 100vw, 1024px\" data-srcset=\"https:\/\/mide.gob.do\/wp-content\/uploads\/2023\/04\/Especialistas-en-salud-orientan-a-padres-aprender-a-como-reconocer-temprano-sintomas-del-autismo-en-ninos-2-1024x680.jpg 1024w, https:\/\/mide.gob.do\/wp-content\/uploads\/2023\/04\/Especialistas-en-salud-orientan-a-padres-aprender-a-como-reconocer-temprano-sintomas-del-autismo-en-ninos-2-300x199.jpg 300w, https:\/\/mide.gob.do\/wp-content\/uploads\/2023\/04\/Especialistas-en-salud-orientan-a-padres-aprender-a-como-reconocer-temprano-sintomas-del-autismo-en-ninos-2-768x510.jpg 768w, https:\/\/mide.gob.do\/wp-content\/uploads\/2023\/04\/Especialistas-en-salud-orientan-a-padres-aprender-a-como-reconocer-temprano-sintomas-del-autismo-en-ninos-2.jpg 1280w\" alt=\"Especialistas en salud orientan a padres aprender a c\u00f3mo reconocer temprano s\u00edntomas del autismo en ni\u00f1os 2\" width=\"1024\" height=\"680\" data-id=\"23181\" src=\"data:image\/svg+xml;base64,PHN2ZyB3aWR0aD0iMSIgaGVpZ2h0PSIxIiB4bWxucz0iaHR0cDovL3d3dy53My5vcmcvMjAwMC9zdmciPjwvc3ZnPg==\" style=\"--smush-placeholder-width: 1024px; --smush-placeholder-aspect-ratio: 1024\/680;\" \/><\/figure>\n<\/figure>\n","protected":false},"excerpt":{"rendered":"<p>Por Felix Rubio SANTO DOMINGO. \u2013 Especialistas de la salud que laboran en el Centro<\/p>\n","protected":false},"author":1,"featured_media":0,"comment_status":"open","ping_status":"open","sticky":false,"template":"","format":"standard","meta":{"footnotes":""},"categories":[7],"tags":[],"class_list":["post-4787","post","type-post","status-publish","format-standard","hentry","category-nacionales"],"_links":{"self":[{"href":"https:\/\/defrentealaverdad.com\/index.php\/wp-json\/wp\/v2\/posts\/4787","targetHints":{"allow":["GET"]}}],"collection":[{"href":"https:\/\/defrentealaverdad.com\/index.php\/wp-json\/wp\/v2\/posts"}],"about":[{"href":"https:\/\/defrentealaverdad.com\/index.php\/wp-json\/wp\/v2\/types\/post"}],"author":[{"embeddable":true,"href":"https:\/\/defrentealaverdad.com\/index.php\/wp-json\/wp\/v2\/users\/1"}],"replies":[{"embeddable":true,"href":"https:\/\/defrentealaverdad.com\/index.php\/wp-json\/wp\/v2\/comments?post=4787"}],"version-history":[{"count":1,"href":"https:\/\/defrentealaverdad.com\/index.php\/wp-json\/wp\/v2\/posts\/4787\/revisions"}],"predecessor-version":[{"id":4788,"href":"https:\/\/defrentealaverdad.com\/index.php\/wp-json\/wp\/v2\/posts\/4787\/revisions\/4788"}],"wp:attachment":[{"href":"https:\/\/defrentealaverdad.com\/index.php\/wp-json\/wp\/v2\/media?parent=4787"}],"wp:term":[{"taxonomy":"category","embeddable":true,"href":"https:\/\/defrentealaverdad.com\/index.php\/wp-json\/wp\/v2\/categories?post=4787"},{"taxonomy":"post_tag","embeddable":true,"href":"https:\/\/defrentealaverdad.com\/index.php\/wp-json\/wp\/v2\/tags?post=4787"}],"curies":[{"name":"wp","href":"https:\/\/api.w.org\/{rel}","templated":true}]}}