{"id":4784,"date":"2023-04-29T14:05:30","date_gmt":"2023-04-29T14:05:30","guid":{"rendered":"https:\/\/defrentealaverdad.com\/?p=4784"},"modified":"2023-05-03T14:06:30","modified_gmt":"2023-05-03T14:06:30","slug":"medallista-resalta-avance-del-karate-a-nivel-nacional-e-internacional","status":"publish","type":"post","link":"https:\/\/defrentealaverdad.com\/index.php\/2023\/04\/29\/medallista-resalta-avance-del-karate-a-nivel-nacional-e-internacional\/","title":{"rendered":"Medallista resalta avance del karate a nivel nacional e internacional"},"content":{"rendered":"<p style=\"text-align: justify;\">Por Felix Rubio<\/p>\n<p><img decoding=\"async\" class=\"wp-image-23185 lazyload\" data-src=\"https:\/\/mide.gob.do\/wp-content\/uploads\/2023\/04\/Medallista-resalta-avance-del-karate-a-nivel-nacional-e-internacional-3-1024x680.jpeg\" data-sizes=\"(max-width: 1024px) 100vw, 1024px\" data-srcset=\"https:\/\/mide.gob.do\/wp-content\/uploads\/2023\/04\/Medallista-resalta-avance-del-karate-a-nivel-nacional-e-internacional-3-1024x680.jpeg 1024w, https:\/\/mide.gob.do\/wp-content\/uploads\/2023\/04\/Medallista-resalta-avance-del-karate-a-nivel-nacional-e-internacional-3-300x199.jpeg 300w, https:\/\/mide.gob.do\/wp-content\/uploads\/2023\/04\/Medallista-resalta-avance-del-karate-a-nivel-nacional-e-internacional-3-768x510.jpeg 768w, https:\/\/mide.gob.do\/wp-content\/uploads\/2023\/04\/Medallista-resalta-avance-del-karate-a-nivel-nacional-e-internacional-3-1536x1020.jpeg 1536w, https:\/\/mide.gob.do\/wp-content\/uploads\/2023\/04\/Medallista-resalta-avance-del-karate-a-nivel-nacional-e-internacional-3.jpeg 1600w\" alt=\"Medallista resalta avance del karate a nivel nacional e internacional 3\" width=\"1024\" height=\"680\" data-id=\"23185\" src=\"data:image\/svg+xml;base64,PHN2ZyB3aWR0aD0iMSIgaGVpZ2h0PSIxIiB4bWxucz0iaHR0cDovL3d3dy53My5vcmcvMjAwMC9zdmciPjwvc3ZnPg==\" style=\"--smush-placeholder-width: 1024px; --smush-placeholder-aspect-ratio: 1024\/680;\" \/><\/p>\n<p style=\"text-align: justify;\"><strong>SANTO DOMINGO. \u2013 <\/strong>El campe\u00f3n panamericano, medallista de oro y centroamericano de karate, Segundo Teniente, Juan Carlos Vald\u00e9z B\u00e1ez, PN, \u00a0destac\u00f3 el avance de esa disciplina deportiva en el pa\u00eds y en el exterior, al resaltarlo como \u201cuna pr\u00e1ctica que no s\u00f3lo entrena el cuerpo para la defensa con patadas, pu\u00f1os, golpes y bloqueos, sino que como filosof\u00eda tambi\u00e9n entrena la mente y el esp\u00edritu\u201d.<\/p>\n<p style=\"text-align: justify;\">Dijo que el karate ha brindado a la Rep\u00fablica Dominicana en los \u00faltimos a\u00f1os, indiscutibles frutos, lo que se ha demostrado en los Juegos Deportivos de las Fuerzas Armadas y la Polic\u00eda Nacional, evento que arriba en este a\u00f1o a su versi\u00f3n n\u00famero 52.<\/p>\n<p style=\"text-align: justify;\">Vald\u00e9z B\u00e1ez, expuso su valoraci\u00f3n durante su participaci\u00f3n en el programa radial \u201cMide Deportes\u201d, que se transmite los mi\u00e9rcoles a las 10:00 a.m. por la 106.9 FM para Santo Domingo y 102.7 FM para todo el pa\u00eds, en la Radioemisora Cultural \u201cLa Voz de las FFAA\u201d.<\/p>\n<p style=\"text-align: justify;\">El deportista es ganador de siete medallas de oro, tres de plata y tres de bronce, 13 en total, ha participado en varias competencias nacionales como internacionales, y actualmente ha dedicado su vida como entrenador de la disciplina de karate en la Polic\u00eda Nacional.<\/p>\n<p style=\"text-align: justify;\">\u201cUn atleta no es una persona com\u00fan, se debe entender que la vida del deporte combinado con la familia y los estudios es una tarea dif\u00edcil y para hacer esa transici\u00f3n, se debe motivar y entender que la vida del deportista es muy activa\u201d. expres\u00f3 B\u00e1ez durante la entrevista.<\/p>\n<p style=\"text-align: justify;\">Valdez B\u00e1ez, es un atleta de alto rendimiento quien paralelo a su pr\u00e1ctica deportiva tambi\u00e9n se prepar\u00f3 acad\u00e9micamente como licenciado en Educaci\u00f3n, menci\u00f3n inform\u00e1tica, y ha competido durante 13 a\u00f1os en el deporte de combate, representando al pa\u00eds en varias competencias.<\/p>\n<p style=\"text-align: justify;\">El atleta exhort\u00f3 a los j\u00f3venes que se est\u00e1n formando a prepararse y esforzarse por estudiar, y sobre todo manejar la comunicaci\u00f3n para enfrentar los problemas que se les presenten en el diario vivir y a futuro.<\/p>\n<figure class=\"wp-block-gallery has-nested-images columns-default is-cropped wp-block-gallery-1 is-layout-flex\">\n<figure class=\"wp-block-image size-large\" style=\"text-align: justify;\"><\/figure>\n<figure class=\"wp-block-image size-large\" style=\"text-align: justify;\"><img decoding=\"async\" class=\"wp-image-23186 lazyload\" data-src=\"https:\/\/mide.gob.do\/wp-content\/uploads\/2023\/04\/Medallista-resalta-avance-del-karate-a-nivel-nacional-e-internacional-4-1024x680.jpeg\" data-sizes=\"(max-width: 1024px) 100vw, 1024px\" data-srcset=\"https:\/\/mide.gob.do\/wp-content\/uploads\/2023\/04\/Medallista-resalta-avance-del-karate-a-nivel-nacional-e-internacional-4-1024x680.jpeg 1024w, https:\/\/mide.gob.do\/wp-content\/uploads\/2023\/04\/Medallista-resalta-avance-del-karate-a-nivel-nacional-e-internacional-4-300x199.jpeg 300w, https:\/\/mide.gob.do\/wp-content\/uploads\/2023\/04\/Medallista-resalta-avance-del-karate-a-nivel-nacional-e-internacional-4-768x510.jpeg 768w, https:\/\/mide.gob.do\/wp-content\/uploads\/2023\/04\/Medallista-resalta-avance-del-karate-a-nivel-nacional-e-internacional-4-1536x1020.jpeg 1536w, https:\/\/mide.gob.do\/wp-content\/uploads\/2023\/04\/Medallista-resalta-avance-del-karate-a-nivel-nacional-e-internacional-4.jpeg 1600w\" alt=\"Medallista resalta avance del karate a nivel nacional e internacional 4\" width=\"1024\" height=\"680\" data-id=\"23186\" src=\"data:image\/svg+xml;base64,PHN2ZyB3aWR0aD0iMSIgaGVpZ2h0PSIxIiB4bWxucz0iaHR0cDovL3d3dy53My5vcmcvMjAwMC9zdmciPjwvc3ZnPg==\" style=\"--smush-placeholder-width: 1024px; --smush-placeholder-aspect-ratio: 1024\/680;\" \/><\/figure>\n<figure class=\"wp-block-image size-large\" style=\"text-align: justify;\"><img decoding=\"async\" class=\"wp-image-23187 lazyload\" data-src=\"https:\/\/mide.gob.do\/wp-content\/uploads\/2023\/04\/Medallista-resalta-avance-del-karate-a-nivel-nacional-e-internacional-1-1024x679.jpg\" data-sizes=\"(max-width: 1024px) 100vw, 1024px\" data-srcset=\"https:\/\/mide.gob.do\/wp-content\/uploads\/2023\/04\/Medallista-resalta-avance-del-karate-a-nivel-nacional-e-internacional-1-1024x679.jpg 1024w, https:\/\/mide.gob.do\/wp-content\/uploads\/2023\/04\/Medallista-resalta-avance-del-karate-a-nivel-nacional-e-internacional-1-300x199.jpg 300w, https:\/\/mide.gob.do\/wp-content\/uploads\/2023\/04\/Medallista-resalta-avance-del-karate-a-nivel-nacional-e-internacional-1-768x509.jpg 768w, https:\/\/mide.gob.do\/wp-content\/uploads\/2023\/04\/Medallista-resalta-avance-del-karate-a-nivel-nacional-e-internacional-1.jpg 1280w\" alt=\"Medallista resalta avance del karate a nivel nacional e internacional 1\" width=\"1024\" height=\"679\" data-id=\"23187\" src=\"data:image\/svg+xml;base64,PHN2ZyB3aWR0aD0iMSIgaGVpZ2h0PSIxIiB4bWxucz0iaHR0cDovL3d3dy53My5vcmcvMjAwMC9zdmciPjwvc3ZnPg==\" style=\"--smush-placeholder-width: 1024px; --smush-placeholder-aspect-ratio: 1024\/679;\" \/><\/figure>\n<\/figure>\n","protected":false},"excerpt":{"rendered":"<p>Por Felix Rubio SANTO DOMINGO. \u2013 El campe\u00f3n panamericano, medallista de oro y centroamericano de<\/p>\n","protected":false},"author":1,"featured_media":0,"comment_status":"open","ping_status":"open","sticky":false,"template":"","format":"standard","meta":{"footnotes":""},"categories":[7],"tags":[],"class_list":["post-4784","post","type-post","status-publish","format-standard","hentry","category-nacionales"],"_links":{"self":[{"href":"https:\/\/defrentealaverdad.com\/index.php\/wp-json\/wp\/v2\/posts\/4784","targetHints":{"allow":["GET"]}}],"collection":[{"href":"https:\/\/defrentealaverdad.com\/index.php\/wp-json\/wp\/v2\/posts"}],"about":[{"href":"https:\/\/defrentealaverdad.com\/index.php\/wp-json\/wp\/v2\/types\/post"}],"author":[{"embeddable":true,"href":"https:\/\/defrentealaverdad.com\/index.php\/wp-json\/wp\/v2\/users\/1"}],"replies":[{"embeddable":true,"href":"https:\/\/defrentealaverdad.com\/index.php\/wp-json\/wp\/v2\/comments?post=4784"}],"version-history":[{"count":1,"href":"https:\/\/defrentealaverdad.com\/index.php\/wp-json\/wp\/v2\/posts\/4784\/revisions"}],"predecessor-version":[{"id":4785,"href":"https:\/\/defrentealaverdad.com\/index.php\/wp-json\/wp\/v2\/posts\/4784\/revisions\/4785"}],"wp:attachment":[{"href":"https:\/\/defrentealaverdad.com\/index.php\/wp-json\/wp\/v2\/media?parent=4784"}],"wp:term":[{"taxonomy":"category","embeddable":true,"href":"https:\/\/defrentealaverdad.com\/index.php\/wp-json\/wp\/v2\/categories?post=4784"},{"taxonomy":"post_tag","embeddable":true,"href":"https:\/\/defrentealaverdad.com\/index.php\/wp-json\/wp\/v2\/tags?post=4784"}],"curies":[{"name":"wp","href":"https:\/\/api.w.org\/{rel}","templated":true}]}}