{"id":4778,"date":"2023-05-03T13:57:32","date_gmt":"2023-05-03T13:57:32","guid":{"rendered":"https:\/\/defrentealaverdad.com\/?p=4778"},"modified":"2023-05-03T13:58:11","modified_gmt":"2023-05-03T13:58:11","slug":"egaee-da-apertura-a-vi-diplomado-en-ciberseguridad-y-ciberdefensa","status":"publish","type":"post","link":"https:\/\/defrentealaverdad.com\/index.php\/2023\/05\/03\/egaee-da-apertura-a-vi-diplomado-en-ciberseguridad-y-ciberdefensa\/","title":{"rendered":"EGAEE da apertura a VI Diplomado en Ciberseguridad y Ciberdefensa"},"content":{"rendered":"<p style=\"text-align: justify;\">Por Felix Rubio<\/p>\n<p><img decoding=\"async\" class=\"size-medium wp-image-4779 aligncenter lazyload\" data-src=\"https:\/\/defrentealaverdad.com\/wp-content\/uploads\/2023\/05\/Sin-titulo-1-300x231.png\" alt=\"\" width=\"300\" height=\"231\" data-srcset=\"https:\/\/defrentealaverdad.com\/wp-content\/uploads\/2023\/05\/Sin-titulo-1-300x231.png 300w, https:\/\/defrentealaverdad.com\/wp-content\/uploads\/2023\/05\/Sin-titulo-1-768x590.png 768w, https:\/\/defrentealaverdad.com\/wp-content\/uploads\/2023\/05\/Sin-titulo-1.png 825w\" data-sizes=\"(max-width: 300px) 100vw, 300px\" src=\"data:image\/svg+xml;base64,PHN2ZyB3aWR0aD0iMSIgaGVpZ2h0PSIxIiB4bWxucz0iaHR0cDovL3d3dy53My5vcmcvMjAwMC9zdmciPjwvc3ZnPg==\" style=\"--smush-placeholder-width: 300px; --smush-placeholder-aspect-ratio: 300\/231;\" \/><\/p>\n<p style=\"text-align: justify;\">El Instituto Superior para la Defensa \u201cGeneral Juan Pablo Duarte y D\u00edez\u201d (INSUDE), a trav\u00e9s de su Escuela de Graduados de Altos Estudios Estrat\u00e9gicos dio apertura al VI Diplomado en Ciberseguridad y Ciberdefensa, con el objetivo de formar tanto a militares como a civiles en las habilidades generales para la garant\u00eda de la seguridad inform\u00e1tica ante las amenazas que existen en el ciberespacio.<\/p>\n<p>Un total de 132 discentes fueron los seleccionados para formar parte de esta capacitaci\u00f3n, la cual se desarrollar\u00e1 hasta el 25 de julio de 2023 en la modalidad de ense\u00f1anza h\u00edbrida (semipresencial), en cuya din\u00e1mica acad\u00e9mica los participantes agotar\u00e1n un plan de estudio dise\u00f1ado para dotarles de los conocimientos te\u00f3ricos y pr\u00e1cticos para la gesti\u00f3n segura de las tecnolog\u00edas de la informaci\u00f3n y la comunicaci\u00f3n.<\/p>\n<p>La ceremonia de inicio del VI Diplomado en Ciberseguridad y Ciberdefensa se realiz\u00f3 en el Aula Mayor General Jos\u00e9 Eliseo Noble Espejo, ERD., en la cual el Director de la EGAEE, Coronel Nelton Baralt Blanco, ERD. (MA), ofreci\u00f3 unas palabras de bienvenida, mientras el Vicerrector de Investigaci\u00f3n, Extensi\u00f3n y Educaci\u00f3n Continua del INSUDE, General de Brigada Vicente Mota Medina, ERD. pronunci\u00f3 unas palabras de exhortaci\u00f3n a los cursantes.<\/p>\n<p>En el acto tambi\u00e9n estuvieron presentes el Director del Programa de Educaci\u00f3n y Capacitaci\u00f3n Profesional de las Fuerzas Armadas \u201cGran\u00a0 General Restaurador Gregorio Luper\u00f3n\u201d, Coronel Julio Tejeda Madera, ERD. (DEM); asimismo los subdirectores Acad\u00e9mico, Coronel Wascal A. Montilla Alm\u00e1nzar,\u00a0 ERD. (MA) y de Investigaci\u00f3n, Extensi\u00f3n y Educaci\u00f3n Continua, Coronel Rafael David S\u00e1nchez G\u00f3mez, ERD. (MA), ambos de la EGAEE.<\/p>\n<p>&nbsp;<\/p>\n<p>Fuente: Prensa EGAEE<\/p>\n","protected":false},"excerpt":{"rendered":"<p>Por Felix Rubio El Instituto Superior para la Defensa \u201cGeneral Juan Pablo Duarte y D\u00edez\u201d<\/p>\n","protected":false},"author":1,"featured_media":0,"comment_status":"open","ping_status":"open","sticky":false,"template":"","format":"standard","meta":{"footnotes":""},"categories":[7],"tags":[],"class_list":["post-4778","post","type-post","status-publish","format-standard","hentry","category-nacionales"],"_links":{"self":[{"href":"https:\/\/defrentealaverdad.com\/index.php\/wp-json\/wp\/v2\/posts\/4778","targetHints":{"allow":["GET"]}}],"collection":[{"href":"https:\/\/defrentealaverdad.com\/index.php\/wp-json\/wp\/v2\/posts"}],"about":[{"href":"https:\/\/defrentealaverdad.com\/index.php\/wp-json\/wp\/v2\/types\/post"}],"author":[{"embeddable":true,"href":"https:\/\/defrentealaverdad.com\/index.php\/wp-json\/wp\/v2\/users\/1"}],"replies":[{"embeddable":true,"href":"https:\/\/defrentealaverdad.com\/index.php\/wp-json\/wp\/v2\/comments?post=4778"}],"version-history":[{"count":2,"href":"https:\/\/defrentealaverdad.com\/index.php\/wp-json\/wp\/v2\/posts\/4778\/revisions"}],"predecessor-version":[{"id":4781,"href":"https:\/\/defrentealaverdad.com\/index.php\/wp-json\/wp\/v2\/posts\/4778\/revisions\/4781"}],"wp:attachment":[{"href":"https:\/\/defrentealaverdad.com\/index.php\/wp-json\/wp\/v2\/media?parent=4778"}],"wp:term":[{"taxonomy":"category","embeddable":true,"href":"https:\/\/defrentealaverdad.com\/index.php\/wp-json\/wp\/v2\/categories?post=4778"},{"taxonomy":"post_tag","embeddable":true,"href":"https:\/\/defrentealaverdad.com\/index.php\/wp-json\/wp\/v2\/tags?post=4778"}],"curies":[{"name":"wp","href":"https:\/\/api.w.org\/{rel}","templated":true}]}}