{"id":47475,"date":"2025-08-28T22:14:08","date_gmt":"2025-08-28T22:14:08","guid":{"rendered":"https:\/\/defrentealaverdad.com\/?p=47475"},"modified":"2025-08-29T02:15:50","modified_gmt":"2025-08-29T02:15:50","slug":"anuncian-realizacion-del-congreso-internacional-estudio-practica-institucionalidad-y-desarrollo-del-goju-ryu-en-rd","status":"publish","type":"post","link":"https:\/\/defrentealaverdad.com\/index.php\/2025\/08\/28\/anuncian-realizacion-del-congreso-internacional-estudio-practica-institucionalidad-y-desarrollo-del-goju-ryu-en-rd\/","title":{"rendered":"Anuncian realizaci\u00f3n del Congreso Internacional: Estudio-Pr\u00e1ctica, Institucionalidad y Desarrollo del Goju-Ryu en RD"},"content":{"rendered":"<p style=\"text-align: center;\">El evento a realizarse con motivo del 62 aniversario de la llegada al pa\u00eds de esta disciplina deportiva se llevar\u00e1 a cabo el pr\u00f3ximo domingo 31 de agosto en el Club Deportivo y Cultural Pidoca, provincia de Santo Domingo,<\/p>\n<p style=\"text-align: justify;\">Santo Domingo, RD. &#8211; La Asociaci\u00f3n Dominicana de Goju-Ryu Karate Do anuncio la realizaci\u00f3n del Congreso internacional \u00abEstudio-Pr\u00e1ctica, Institucionalidad y Desarrollo del Goju-Ryu en RD, evento a efectuarse el pr\u00f3ximo domingo 31 del presente mes en las instalaciones del Club Deportivo y Cultural PIDOCA en Santo Domingo Este.<\/p>\n<p style=\"text-align: justify;\">Un comunicado de la entidad precisa que el mismo ser\u00e1 un espacio de formaci\u00f3n, intercambio, proyecci\u00f3n y consolidaci\u00f3n institucional., destacando destacar que el Goju-Ryu dominicano es un aliado de la Federaci\u00f3n Dominicana de Karate, lo que contribuye activamente a su fortalecimiento y expansi\u00f3n.<\/p>\n<p style=\"text-align: justify;\">Agrega que, la llegada Goju-Ryu a suelo dominicano se remonta al a\u00f1o 1957 cuando el maestro japon\u00e9s Tameyoshi Sakamoto inici\u00f3 en la comunidad de La Bij\u00eda, en Dajab\u00f3n, el proceso de ense\u00f1anza y difusi\u00f3n del Karate Goju-Ryu y el Kobudo convirti\u00e9ndose en eun legado hist\u00f3rico para el pa\u00eds.<\/p>\n<p style=\"text-align: justify;\">A partir de ese primer esfuerzo, el arte comenz\u00f3 a expandirse en diferentes localidades: -Mao (1962), donde se fortaleci\u00f3 la pr\u00e1ctica del Goju Ryu entre j\u00f3venes estudiantes de la zona. -Monte Plata (1963), escenario de nuevas demostraciones y clases iniciales. -Santo Domingo (1963), especialmente en el Ensanche Ozama, donde en las casas de sus alumnos de entonces organiz\u00f3 la ense\u00f1anza de manera m\u00e1s estructurada.<\/p>\n<p style=\"text-align: justify;\">All\u00ed formaliz\u00f3 la escuela con el nombre de Seito Karate-do Goju Ryu\u2013Shirenkan (\u201cOriginal camino del Karate Goju Ryu, forjado y probado al fuego de nuestra casa\u201d).<\/p>\n<p style=\"text-align: justify;\">Posteriormente, en 1967, abri\u00f3 su escuela en el Colegio San Francisco de As\u00eds. continuando en 1969 cuando dejo fundada su escuela en San Francisco de Macor\u00eds. &#8211;<\/p>\n<p style=\"text-align: justify;\">Finalmente, en 1972 su itinerario de expansi\u00f3n concluy\u00f3 en Santiago, consolidando definitivamente la presencia del estilo en la Rep\u00fablica Dominicana.<\/p>\n<p style=\"text-align: justify;\">Este recorrido pionero marc\u00f3 el nacimiento de una tradici\u00f3n marcial s\u00f3lida que, a lo largo de seis d\u00e9cadas, ha impactado de forma decisiva la historia del karate nacional.<\/p>\n<p style=\"text-align: justify;\"><strong>Reconocimientos y consolidaci\u00f3n<\/strong><\/p>\n<p style=\"text-align: justify;\">En reconocimiento a su trayectoria y aporte al desarrollo del karate dominicano, el maestro Sakamoto fue condecorado en el a\u00f1o 2007 por la Federaci\u00f3n Dominicana de Karate, donde otorg\u00f3 el grado de 9no dan en una emotiva ceremonia p\u00fablica celebrada en Santiago, acompa\u00f1ada por familiares, amigos y disc\u00edpulos.<\/p>\n<p style=\"text-align: justify;\">La Asociaci\u00f3n Dominicana de Goju-Ryu, fundada en 2018, agrupa y representa oficialmente este legado hist\u00f3rico. La instituci\u00f3n es presidida por el sensei Pedro Generoso Montero, primer dominicano en alcanzar el cintur\u00f3n negro del estilo directamente del maestro fundador.<\/p>\n<p style=\"text-align: justify;\">Adem\u00e1s, es Inmortal del Deporte Dominicano y miembro del Sal\u00f3n de la Fama de las Artes Marciales. Congreso Internacional: Estudio, institucionalidad y desarrollo Este Congreso Internacional se desarrollar\u00e1 bajo los ejes tem\u00e1ticos de: -Estudio y pr\u00e1ctica del Goju-Ryu. -Institucionalidad del karate tradicional. -Desarrollo t\u00e9cnico y organizativo del estilo.<\/p>\n<p style=\"text-align: justify;\">La Asociaci\u00f3n Dominicana de Goju-Ryu agrupa diversas organizaciones que mantienen viva la herencia del estilo en sus diversos sistemas en el pa\u00eds, entre ellas: 1-Jinbukai\u2013Shinyukaikan Goju-Ryu-Kobudo, presidida por los sensei Pedro Generoso Montero y el doctor Manuel Coronado. 2-Koryu Goju-Ryu-Kobudo, presidida por el sensei Jos\u00e9 Augusto Ru\u00edz y Shintai Ki Ji\u2013IOGKG Goju-Ryu, dirigida por el sensei Jos\u00e9 Di Carlo y sensei Franklin Zayas.<\/p>\n<p style=\"text-align: justify;\">Adem\u00e1s, Shinseikai 5-Zaizen Goju-Ryu, Goju-Ryu, presidida presidida por el el sensei sensei Jos\u00e9 Jos\u00e9 El\u00edas A. Ram\u00edrez Ochoa, Goju-Ryu, presidida por el sensei Jos\u00e9 Santos, Shoreikan Kanzenkan Goju-Ryu, presidida por el sensei Ger\u00f3nimo Encarnaci\u00f3n<\/p>\n<p style=\"text-align: justify;\">Seg\u00fan el comunicado los interesados en participar en este congreso pueden hacerlo comunic\u00e1ndose a los tel\u00e9fonos: 809-480-3068 \/ 809-974-1808, o escribiendo al email: asociaciondominicanadegojuryu@gmail.com<\/p>\n<p>Fuente: Asociaci\u00f3n Dominicana de Goju-Ryu<\/p>\n","protected":false},"excerpt":{"rendered":"<p>El evento a realizarse con motivo del 62 aniversario de la llegada al pa\u00eds de<\/p>\n","protected":false},"author":1,"featured_media":47476,"comment_status":"open","ping_status":"open","sticky":false,"template":"","format":"standard","meta":{"footnotes":""},"categories":[3],"tags":[],"class_list":["post-47475","post","type-post","status-publish","format-standard","has-post-thumbnail","hentry","category-deportes"],"_links":{"self":[{"href":"https:\/\/defrentealaverdad.com\/index.php\/wp-json\/wp\/v2\/posts\/47475","targetHints":{"allow":["GET"]}}],"collection":[{"href":"https:\/\/defrentealaverdad.com\/index.php\/wp-json\/wp\/v2\/posts"}],"about":[{"href":"https:\/\/defrentealaverdad.com\/index.php\/wp-json\/wp\/v2\/types\/post"}],"author":[{"embeddable":true,"href":"https:\/\/defrentealaverdad.com\/index.php\/wp-json\/wp\/v2\/users\/1"}],"replies":[{"embeddable":true,"href":"https:\/\/defrentealaverdad.com\/index.php\/wp-json\/wp\/v2\/comments?post=47475"}],"version-history":[{"count":1,"href":"https:\/\/defrentealaverdad.com\/index.php\/wp-json\/wp\/v2\/posts\/47475\/revisions"}],"predecessor-version":[{"id":47477,"href":"https:\/\/defrentealaverdad.com\/index.php\/wp-json\/wp\/v2\/posts\/47475\/revisions\/47477"}],"wp:featuredmedia":[{"embeddable":true,"href":"https:\/\/defrentealaverdad.com\/index.php\/wp-json\/wp\/v2\/media\/47476"}],"wp:attachment":[{"href":"https:\/\/defrentealaverdad.com\/index.php\/wp-json\/wp\/v2\/media?parent=47475"}],"wp:term":[{"taxonomy":"category","embeddable":true,"href":"https:\/\/defrentealaverdad.com\/index.php\/wp-json\/wp\/v2\/categories?post=47475"},{"taxonomy":"post_tag","embeddable":true,"href":"https:\/\/defrentealaverdad.com\/index.php\/wp-json\/wp\/v2\/tags?post=47475"}],"curies":[{"name":"wp","href":"https:\/\/api.w.org\/{rel}","templated":true}]}}