{"id":47464,"date":"2025-08-28T22:01:15","date_gmt":"2025-08-28T22:01:15","guid":{"rendered":"https:\/\/defrentealaverdad.com\/?p=47464"},"modified":"2025-08-29T02:03:31","modified_gmt":"2025-08-29T02:03:31","slug":"por-primera-vez-en-la-historia-una-constelacion-de-estrellas-invade-la-franja-del-cibao-para-cantarle-al-pueblo-gratis-y-a-lo-grande","status":"publish","type":"post","link":"https:\/\/defrentealaverdad.com\/index.php\/2025\/08\/28\/por-primera-vez-en-la-historia-una-constelacion-de-estrellas-invade-la-franja-del-cibao-para-cantarle-al-pueblo-gratis-y-a-lo-grande\/","title":{"rendered":"Por primera vez en la historia: una constelaci\u00f3n de estrellas invade la franja del Cibao para cantarle al pueblo, gratis y a lo grande."},"content":{"rendered":"<p style=\"text-align: justify;\">Santo Domingo, R.D. Un hecho sin precedentes en la vida cultural dominicana: por primera vez en la Historia, una constelaci\u00f3n de grandes talentos nacionales recorre la franja del Cibao, cant\u00e1ndole a las multitudes totalmente gratis, gracias al decidido respaldo del presidente Luis Abinader. Con esta agenda art\u00edstica celebremos el 162 aniversario de la Restauraci\u00f3n y abraza ciudades emblem\u00e1ticas de la epopeya: Mao (Valverde), Santiago Rodr\u00edguez, Guayub\u00edn, Dajab\u00f3n, Partido (Dajab\u00f3n) y Montecristi.<\/p>\n<p style=\"text-align: justify;\">Bajo la plataforma \u201cQUE VIVA LA PATRIA\u201d, el pa\u00eds vive una celebraci\u00f3n vibrante en los cuatro puntos cardinales, donde cada ciudad muestra la felicidad, la alegr\u00eda contagiosa y un gozo familiar que confirma nuestra identidad, nuestra m\u00fasica y nuestro orgullo.<\/p>\n<p style=\"text-align: justify;\">La hist\u00f3rica cartelera art\u00edstica tiene al pa\u00eds de fiesta, bailando y disfrutando con las Megaestrellas de alt\u00edsima popularidad que unen generaciones y g\u00e9neros en un mismo escenario patri\u00f3tico, entre ellas:<\/p>\n<p style=\"text-align: justify;\">Los Hermanos Rosario, Fernando Villalona, Wilfrido Vargas, Miriam Cruz, Kinito M\u00e9ndez, Pochy Familia, Los Kenton, An\u00edbal Bravo, Koki Acosta, Alex Bueno, Jossie Esteban, Fefita La Grande, Krispy, Kiko El Presidente, Kinito M\u00e9ndez, Silvio Mora, Yuri Swing, Wason, Steffany Constanza, Marcel Brazob\u00e1n, Luis Miguel del Amargue, Sexappeal, Chiquito Team Band, Ashley Music, El Clacicom, Chiquito Team Band,<\/p>\n<p style=\"text-align: justify;\">El Chaval, Eddy Herrera, Ram\u00f3n Orlando, Omega, Chimbala, Bul\u00edn 47, Vaker\u00f3, Qu\u00edmico Ultramega Narciso \u201cEl Pavarotti\u201d, Alex Montero, Shadow Blow.<\/p>\n<p style=\"text-align: justify;\">Cada presentaci\u00f3n es una estampa viva de dominicanidad, un mapa sonoro donde el merengue, la bachata, la m\u00fasica t\u00edpica, el dembow y nuestras fusiones tropicales se abrazan para celebrar la libertad y la Restauraci\u00f3n.<\/p>\n<blockquote>\n<p style=\"text-align: center;\">\u201cEste es un canto de pueblo a pueblo: cuando la patria llama, el arte responde. Ver a nuestras familias disfrutar juntas, gratuitamente, en escenarios de alto nivel, es victoria cultural\u201d, expres\u00f3 el presidente Luis Abinader.<\/p>\n<\/blockquote>\n<p style=\"text-align: justify;\"><strong>Cultura, ciudadan\u00eda y orgullo<\/strong><\/p>\n<p style=\"text-align: justify;\">La plataforma de conciertos \u201cQUE VIVA LA PATRIA\u201d consolida su \u00e9xito recorriendo el pa\u00eds con producciones de primer nivel y un enfoque profundamente ciudadano.<\/p>\n<p style=\"text-align: justify;\">En cada parada se respira orden, convivencia y un respeto emocionado a la memoria hist\u00f3rica de la Restauraci\u00f3n.<\/p>\n<p style=\"text-align: justify;\">Las familias encuentran un espacio seguro para celebrar su identidad, cantar unidos y compartir la esperanza que inspira la naci\u00f3n.<\/p>\n<p style=\"text-align: justify;\">Compromiso que se siente en Banreservas, fiel a su misi\u00f3n, contin\u00faa respaldando de manera ejemplar las manifestaciones culturales y deportivas, reafirmando su compromiso social con cada ciudad y su gente. Su apoyo es un pilar para que la cultura llegue a todos, sin barreras.<\/p>\n<p style=\"text-align: justify;\">Se invita a todo el pueblo dominicano a sumarse a esta traves\u00eda de m\u00fasica y patria en Mao, Santiago Rodr\u00edguez, Guayub\u00edn, Dajab\u00f3n, Partido y Montecristi. La entrada es libre. La emoci\u00f3n es de todos. La patria, una sola.<\/p>\n<blockquote>\n<p style=\"text-align: center;\">QUE VIVA LA PATRIA<\/p>\n<p style=\"text-align: center;\">Que viva la gesta hist\u00f3rica de la Restauraci\u00f3n. Que viva la m\u00fasica. \u00a1Que viva la Patria!<\/p>\n<\/blockquote>\n<p>Fuente: R. Ch\u00e1vez<\/p>\n","protected":false},"excerpt":{"rendered":"<p>Santo Domingo, R.D. Un hecho sin precedentes en la vida cultural dominicana: por primera vez<\/p>\n","protected":false},"author":1,"featured_media":47465,"comment_status":"open","ping_status":"open","sticky":false,"template":"","format":"standard","meta":{"footnotes":""},"categories":[255],"tags":[],"class_list":["post-47464","post","type-post","status-publish","format-standard","has-post-thumbnail","hentry","category-comunicacion"],"_links":{"self":[{"href":"https:\/\/defrentealaverdad.com\/index.php\/wp-json\/wp\/v2\/posts\/47464","targetHints":{"allow":["GET"]}}],"collection":[{"href":"https:\/\/defrentealaverdad.com\/index.php\/wp-json\/wp\/v2\/posts"}],"about":[{"href":"https:\/\/defrentealaverdad.com\/index.php\/wp-json\/wp\/v2\/types\/post"}],"author":[{"embeddable":true,"href":"https:\/\/defrentealaverdad.com\/index.php\/wp-json\/wp\/v2\/users\/1"}],"replies":[{"embeddable":true,"href":"https:\/\/defrentealaverdad.com\/index.php\/wp-json\/wp\/v2\/comments?post=47464"}],"version-history":[{"count":1,"href":"https:\/\/defrentealaverdad.com\/index.php\/wp-json\/wp\/v2\/posts\/47464\/revisions"}],"predecessor-version":[{"id":47466,"href":"https:\/\/defrentealaverdad.com\/index.php\/wp-json\/wp\/v2\/posts\/47464\/revisions\/47466"}],"wp:featuredmedia":[{"embeddable":true,"href":"https:\/\/defrentealaverdad.com\/index.php\/wp-json\/wp\/v2\/media\/47465"}],"wp:attachment":[{"href":"https:\/\/defrentealaverdad.com\/index.php\/wp-json\/wp\/v2\/media?parent=47464"}],"wp:term":[{"taxonomy":"category","embeddable":true,"href":"https:\/\/defrentealaverdad.com\/index.php\/wp-json\/wp\/v2\/categories?post=47464"},{"taxonomy":"post_tag","embeddable":true,"href":"https:\/\/defrentealaverdad.com\/index.php\/wp-json\/wp\/v2\/tags?post=47464"}],"curies":[{"name":"wp","href":"https:\/\/api.w.org\/{rel}","templated":true}]}}