{"id":47345,"date":"2025-08-25T20:38:00","date_gmt":"2025-08-25T20:38:00","guid":{"rendered":"https:\/\/defrentealaverdad.com\/?p=47345"},"modified":"2025-08-27T01:38:45","modified_gmt":"2025-08-27T01:38:45","slug":"mas-de-25-mil-estudiantes-inician-el-ano-escolar-en-hato-mayor","status":"publish","type":"post","link":"https:\/\/defrentealaverdad.com\/index.php\/2025\/08\/25\/mas-de-25-mil-estudiantes-inician-el-ano-escolar-en-hato-mayor\/","title":{"rendered":"M\u00e1s de 25 mil estudiantes inician el a\u00f1o escolar en Hato Mayor"},"content":{"rendered":"<blockquote>\n<p style=\"text-align: center;\">M8nistro Joel Santos se\u00f1ala que nuevo a\u00f1o escolar impulsa formaci\u00f3n t\u00e9cnico-profesional, artes, ense\u00f1anza del ingl\u00e9s y educaci\u00f3n en valores<\/p>\n<\/blockquote>\n<p style=\"text-align: justify;\">HATO MAYOR &#8211; M\u00e1s de 25 mil estudiantes de esta provincia iniciaron este lunes el a\u00f1o escolar 2025-2026, en un acto encabezado por el ministro de Energ\u00eda y Minas, Joel Santos y el viceministro de Presupuesto y Contabilidad, Jos\u00e9 Rijo Presbot, en representaci\u00f3n del presidente Luis Abinader.<\/p>\n<p style=\"text-align: justify;\">El ministro inform\u00f3 que a nivel nacional, m\u00e1s de 2 millones 64 mil estudiantes regresan a las aulas, mientras que en Hato Mayor lo hacen 25 mil 676 alumnos, distribuidos en m\u00e1s de 140 centros educativos.<\/p>\n<p style=\"text-align: justify;\">El acto de inicio fue celebrado en el Polit\u00e9cnico C\u00e9sar Nicol\u00e1s Penson, en el municipio cabecera Hato Mayor.<\/p>\n<blockquote>\n<p style=\"text-align: center;\">\u201cHoy nos honra estar en la provincia Hato Mayor, tierra de trabajo, compromiso, valores y, en particular, en el municipio cabecera, que se convierte en el centro de la esperanza y la inspiraci\u00f3n de la Rep\u00fablica Dominicana\u201d, dijo.<\/p>\n<\/blockquote>\n<p style=\"text-align: justify;\">Santos record\u00f3 que el presidente Abinader ha sido claro en su instrucci\u00f3n de garantizar que todos los ni\u00f1os est\u00e9n en las escuelas.<\/p>\n<blockquote>\n<p style=\"text-align: center;\">\u201cEl presidente Abinader ha reiterado que ning\u00fan ni\u00f1o debe quedarse fuera de la escuela y esa es una instrucci\u00f3n clara que se ejecuta hoy desde el Ministerio de Educaci\u00f3n, que dirige nuestro buen amigo, el ministro Luis Miguel De Camps\u201d,Indic\u00f3.<\/p>\n<\/blockquote>\n<p style=\"text-align: justify;\">El funcionario se\u00f1al\u00f3 que este nuevo a\u00f1o escolar se enmarca en una hoja de ruta que apuesta por la formaci\u00f3n t\u00e9cnico-profesional y de las artes, el fortalecimiento del programa de ingl\u00e9s como segundo idioma y una educaci\u00f3n con valores, identidad y ciudadan\u00eda activa.<\/p>\n<p style=\"text-align: justify;\">Entre las novedades, resalt\u00f3 la incorporaci\u00f3n integral de la ense\u00f1anza de Moral, C\u00edvica y \u00c9tica Ciudadana en todos los niveles.<\/p>\n<p><strong>Programas de apoyo<\/strong><\/p>\n<p style=\"text-align: justify;\">El ministro explic\u00f3 que el Gobierno ha dispuesto medidas para garantizar que los estudiantes permanezcan en las aulas con condiciones adecuadas para aprender, entre ellas, el sistema de transporte TRAE, que asegura asistencia y seguridad.<\/p>\n<p style=\"text-align: justify;\">La provisi\u00f3n de alimentaci\u00f3n y utiler\u00eda escolar a trav\u00e9s del Instituto Nacional de Bienestar Estudiantil (Inabie) y la ampliaci\u00f3n de la infraestructura escolar mediante la inauguraci\u00f3n semanal de aulas y planteles.<\/p>\n<blockquote>\n<p style=\"text-align: center;\">\u201cLa educaci\u00f3n es un derecho y una responsabilidad compartida. Con el esfuerzo del Estado, la dedicaci\u00f3n de los docentes y el acompa\u00f1amiento de los padres, lograremos que cada ni\u00f1o desarrolle su potencial y encuentre un espacio de oportunidades\u201d, afirm\u00f3 Santos.<\/p>\n<\/blockquote>\n<p><strong>Compromiso con la juventud<\/strong><\/p>\n<p style=\"text-align: justify;\">El funcionario resalt\u00f3 la visi\u00f3n del presidente Abinader sobre la importancia de la educaci\u00f3n p\u00fablica de calidad. \u201cHoy iniciamos un nuevo a\u00f1o convencidos de que el presente se construye en las aulas y que el futuro ser\u00e1 tan grande como la educaci\u00f3n que hoy seamos capaces de brindar\u201d.<\/p>\n<blockquote>\n<p style=\"text-align: center;\">\u201cUstedes son la raz\u00f3n de ser de todo este esfuerzo. En ustedes confiamos para que contin\u00faen construyendo un pa\u00eds donde el conocimiento sea la br\u00fajula, los valores el fundamento y la innovaci\u00f3n el camino hacia el desarrollo\u201d.<\/p>\n<\/blockquote>\n<p style=\"text-align: justify;\">El ministro Joel Santos reafirm\u00f3, en nombre del presidente Abinader, el compromiso del Gobierno con la educaci\u00f3n como pilar de su gesti\u00f3n.<\/p>\n<blockquote>\n<p style=\"text-align: center;\">\u201cHoy reafirmamos nuestro compromiso de seguir acompa\u00f1\u00e1ndolos, para que cada meta que se propongan pueda hacerse realidad. \u00a1Arrancamos! \u00a1Muchas felicidades y que viva la educaci\u00f3n dominicana!\u201d.<\/p>\n<\/blockquote>\n<p>En el acto estuvieron la gobernadora de Hato Mayor, Maribel Sim\u00f3n de Reyes; el senador Venerado Antonio Castillo; la diputada Carmen Ligia Barcel\u00f3 y autoridades educativas de la provincia.<\/p>\n<p style=\"text-align: justify;\">Fuente: Direcci\u00f3n de Comunicaciones Presidencia<\/p>\n","protected":false},"excerpt":{"rendered":"<p>M8nistro Joel Santos se\u00f1ala que nuevo a\u00f1o escolar impulsa formaci\u00f3n t\u00e9cnico-profesional, artes, ense\u00f1anza del ingl\u00e9s<\/p>\n","protected":false},"author":1,"featured_media":47347,"comment_status":"open","ping_status":"open","sticky":false,"template":"","format":"standard","meta":{"footnotes":""},"categories":[7],"tags":[],"class_list":["post-47345","post","type-post","status-publish","format-standard","has-post-thumbnail","hentry","category-nacionales"],"_links":{"self":[{"href":"https:\/\/defrentealaverdad.com\/index.php\/wp-json\/wp\/v2\/posts\/47345","targetHints":{"allow":["GET"]}}],"collection":[{"href":"https:\/\/defrentealaverdad.com\/index.php\/wp-json\/wp\/v2\/posts"}],"about":[{"href":"https:\/\/defrentealaverdad.com\/index.php\/wp-json\/wp\/v2\/types\/post"}],"author":[{"embeddable":true,"href":"https:\/\/defrentealaverdad.com\/index.php\/wp-json\/wp\/v2\/users\/1"}],"replies":[{"embeddable":true,"href":"https:\/\/defrentealaverdad.com\/index.php\/wp-json\/wp\/v2\/comments?post=47345"}],"version-history":[{"count":1,"href":"https:\/\/defrentealaverdad.com\/index.php\/wp-json\/wp\/v2\/posts\/47345\/revisions"}],"predecessor-version":[{"id":47346,"href":"https:\/\/defrentealaverdad.com\/index.php\/wp-json\/wp\/v2\/posts\/47345\/revisions\/47346"}],"wp:featuredmedia":[{"embeddable":true,"href":"https:\/\/defrentealaverdad.com\/index.php\/wp-json\/wp\/v2\/media\/47347"}],"wp:attachment":[{"href":"https:\/\/defrentealaverdad.com\/index.php\/wp-json\/wp\/v2\/media?parent=47345"}],"wp:term":[{"taxonomy":"category","embeddable":true,"href":"https:\/\/defrentealaverdad.com\/index.php\/wp-json\/wp\/v2\/categories?post=47345"},{"taxonomy":"post_tag","embeddable":true,"href":"https:\/\/defrentealaverdad.com\/index.php\/wp-json\/wp\/v2\/tags?post=47345"}],"curies":[{"name":"wp","href":"https:\/\/api.w.org\/{rel}","templated":true}]}}