{"id":47275,"date":"2025-08-24T20:24:33","date_gmt":"2025-08-24T20:24:33","guid":{"rendered":"https:\/\/defrentealaverdad.com\/?p=47275"},"modified":"2025-08-26T20:26:40","modified_gmt":"2025-08-26T20:26:40","slug":"fundacion-funfe-y-programa-mujer-integral-celebran-con-exito-la-jornada-mochila-solidaria-2025-en-boca-chica","status":"publish","type":"post","link":"https:\/\/defrentealaverdad.com\/index.php\/2025\/08\/24\/fundacion-funfe-y-programa-mujer-integral-celebran-con-exito-la-jornada-mochila-solidaria-2025-en-boca-chica\/","title":{"rendered":"Fundaci\u00f3n FUNFE y Programa Mujer Integral celebran con \u00e9xito la jornada \u201cMochila Solidaria 2025\u201d en Boca Chica"},"content":{"rendered":"<p style=\"text-align: justify;\">Santo Domingo, R.D. \u2013\u00a0La Fundaci\u00f3n Frutos de Esperanza (FUNFE) junto al Programa Mujer Integral realizaron con gran \u00e9xito la jornada \u201cMochila Solidaria 2025\u201d el pasado s\u00e1bado 23 de agosto en la comunidad de Boca Chica, donde m\u00e1s de 100 ni\u00f1os y ni\u00f1as recibieron mochilas escolares equipadas con \u00fatiles, acompa\u00f1adas de una tarde llena de alegr\u00eda, juegos y actividades especiales.<\/p>\n<p style=\"text-align: justify;\">La iniciativa no solo impact\u00f3 a nivel educativo, sino tambi\u00e9n emocional y recreativo, ofreciendo a los peque\u00f1os una experiencia integral de diversi\u00f3n y cuidado. Durante la jornada se habilit\u00f3 un set de belleza infantil, donde las ni\u00f1as recibieron lavado y peinado de cabello, reforzando el mensaje de amor propio, dignidad y valor personal.<\/p>\n<p style=\"text-align: justify;\">La comunidad de Boca Chica vibr\u00f3 con din\u00e1micas, juegos, m\u00fasica y sonrisas, convirtiendo la entrega de mochilas en un espacio de esperanza y motivaci\u00f3n para toda la familia.<\/p>\n<p style=\"text-align: justify;\">Este evento fue posible gracias a la suma de esfuerzos de diversas empresas, instituciones y aliados estrat\u00e9gicos, que dijeron presente con su patrocinio y apoyo solidario. Entre ellos se destacan:<\/p>\n<p style=\"text-align: justify;\">Productos Mil\u00e1n, Mrhomerd, Pimenpa Eventos, Dise\u00f1os Vic, Ases\u00f3rate, Valerio Realtor, Grupo Aper, Star Products y la Empresaria Rommy Grull\u00f3n, Iglesia Hebreos 13:6, Ceo Duransa, Abogada l\u00edder sector Mipymes Amarilys Dur\u00e1n, Red de Empresarias en Tenis, Glenis Morillo, Mentora Daiana Jim\u00e9nez, Pin Bello, Producciones Creativa S&amp;Q, Productos Qu\u00edmicos Dominicanos (PROQUIA), Narolin Inoa (mentora y consultora), Agregados y Transporte C &amp;C, Iluminada Ru\u00edz, Marelin Linarez, Miositis Espinal, Seuris P\u00e9rez, Kelvia L\u00f3pez, entre otros colaboradores que hicieron posible esta noble causa.<\/p>\n<blockquote>\n<p style=\"text-align: center;\">\u00a0\u201cCada mochila que entregamos representa una semilla de futuro y esperanza para nuestros ni\u00f1os. En FUNFE y el Programa Mujer Integral creemos firmemente que apoyar a la ni\u00f1ez es transformar generaciones enteras\u201d, expres\u00f3 la Lic. Mari Hern\u00e1ndez, directora de ambas instituciones.<\/p>\n<\/blockquote>\n<p style=\"text-align: justify;\">Con este tipo de iniciativas, FUNFE y el Programa Mujer Integral reafirman su misi\u00f3n de trabajar de la mano con el sector empresarial y la sociedad para fortalecer la educaci\u00f3n, la solidaridad y el desarrollo integral de las comunidades m\u00e1s vulnerables de la Rep\u00fablica Dominicana.<\/p>\n<p>&nbsp;<\/p>\n<p>&nbsp;<\/p>\n<p>Fuente: FUNFE<\/p>\n<p>&nbsp;<\/p>\n","protected":false},"excerpt":{"rendered":"<p>Santo Domingo, R.D. \u2013\u00a0La Fundaci\u00f3n Frutos de Esperanza (FUNFE) junto al Programa Mujer Integral realizaron<\/p>\n","protected":false},"author":1,"featured_media":47276,"comment_status":"open","ping_status":"open","sticky":false,"template":"","format":"standard","meta":{"footnotes":""},"categories":[7],"tags":[],"class_list":["post-47275","post","type-post","status-publish","format-standard","has-post-thumbnail","hentry","category-nacionales"],"_links":{"self":[{"href":"https:\/\/defrentealaverdad.com\/index.php\/wp-json\/wp\/v2\/posts\/47275","targetHints":{"allow":["GET"]}}],"collection":[{"href":"https:\/\/defrentealaverdad.com\/index.php\/wp-json\/wp\/v2\/posts"}],"about":[{"href":"https:\/\/defrentealaverdad.com\/index.php\/wp-json\/wp\/v2\/types\/post"}],"author":[{"embeddable":true,"href":"https:\/\/defrentealaverdad.com\/index.php\/wp-json\/wp\/v2\/users\/1"}],"replies":[{"embeddable":true,"href":"https:\/\/defrentealaverdad.com\/index.php\/wp-json\/wp\/v2\/comments?post=47275"}],"version-history":[{"count":1,"href":"https:\/\/defrentealaverdad.com\/index.php\/wp-json\/wp\/v2\/posts\/47275\/revisions"}],"predecessor-version":[{"id":47277,"href":"https:\/\/defrentealaverdad.com\/index.php\/wp-json\/wp\/v2\/posts\/47275\/revisions\/47277"}],"wp:featuredmedia":[{"embeddable":true,"href":"https:\/\/defrentealaverdad.com\/index.php\/wp-json\/wp\/v2\/media\/47276"}],"wp:attachment":[{"href":"https:\/\/defrentealaverdad.com\/index.php\/wp-json\/wp\/v2\/media?parent=47275"}],"wp:term":[{"taxonomy":"category","embeddable":true,"href":"https:\/\/defrentealaverdad.com\/index.php\/wp-json\/wp\/v2\/categories?post=47275"},{"taxonomy":"post_tag","embeddable":true,"href":"https:\/\/defrentealaverdad.com\/index.php\/wp-json\/wp\/v2\/tags?post=47275"}],"curies":[{"name":"wp","href":"https:\/\/api.w.org\/{rel}","templated":true}]}}