{"id":47262,"date":"2025-08-25T20:12:22","date_gmt":"2025-08-25T20:12:22","guid":{"rendered":"https:\/\/defrentealaverdad.com\/?p=47262"},"modified":"2025-08-26T20:14:14","modified_gmt":"2025-08-26T20:14:14","slug":"serie-50-transforma-las-noches-de-jarabacoa-con-arte-musica-y-gastronomia","status":"publish","type":"post","link":"https:\/\/defrentealaverdad.com\/index.php\/2025\/08\/25\/serie-50-transforma-las-noches-de-jarabacoa-con-arte-musica-y-gastronomia\/","title":{"rendered":"Serie 50 transforma las noches de Jarabacoa con arte, m\u00fasica y gastronom\u00eda"},"content":{"rendered":"<p style=\"text-align: justify;\">En el mismo coraz\u00f3n de Jarabacoa existe Serie 50, un rinc\u00f3n donde la tradici\u00f3n dominicana se mezcla con la gastronom\u00eda y la cultura. El restaurante se ha convertido en un espacio acogedor donde el arte pl\u00e1stico y la m\u00fasica brindan a sus visitantes una experiencia diferente y agradable.<\/p>\n<p style=\"text-align: justify;\">Durante un encuentro con los medios de comunicaci\u00f3n, el empresario Miky Disla, propietario del restaurante, aprovech\u00f3 la ocasi\u00f3n para anunciar que implementar\u00e1 el matin\u00e9, una nueva tem\u00e1tica que se une a Serie 50 y que se realizar\u00e1 los fines de semana a partir de las 6 de la tarde. El primer concierto bajo este concepto iniciar\u00e1 con el negrito de Villa, Sergio Vargas, quien llegar\u00e1 para demostrar una vez m\u00e1s su talento.<\/p>\n<blockquote>\n<p style=\"text-align: center;\">\u201cJarabacoa es arte, en Jarabacoa hay muchos artistas pl\u00e1sticos, hay muchos m\u00fasicos, yo trato de que todo lo que yo pongo represente a Jarabacoa\u201d, se\u00f1al\u00f3 Miky, quien tambi\u00e9n asegur\u00f3 que su misi\u00f3n es que cada detalle represente a su ciudad.<\/p>\n<\/blockquote>\n<p style=\"text-align: justify;\">Jochy Santos, Caroline Aquino, Frank Perozo, Isaura Taveras, Simound Freund, Tony Pe\u00f1a, Monse\u00f1or Camilo y Juan Basanta son algunas de las figuras del entretenimiento y de la pol\u00edtica que han visitado el restaurante.<\/p>\n<p style=\"text-align: justify;\">Parte del atractivo de Serie 50 es el arte visual que se puede apreciar en las instalaciones. Estas obras fueron creadas por pintores de renombre nacional e internacional como Juan Bravo, Conrat, Deivy P\u00e9rez y Edy Santiago, quienes tambi\u00e9n se unieron para que el arte sea parte de este proyecto.<\/p>\n<p>Fuente: Prensa Serie 50<\/p>\n","protected":false},"excerpt":{"rendered":"<p>En el mismo coraz\u00f3n de Jarabacoa existe Serie 50, un rinc\u00f3n donde la tradici\u00f3n dominicana<\/p>\n","protected":false},"author":1,"featured_media":47263,"comment_status":"open","ping_status":"open","sticky":false,"template":"","format":"standard","meta":{"footnotes":""},"categories":[7],"tags":[],"class_list":["post-47262","post","type-post","status-publish","format-standard","has-post-thumbnail","hentry","category-nacionales"],"_links":{"self":[{"href":"https:\/\/defrentealaverdad.com\/index.php\/wp-json\/wp\/v2\/posts\/47262","targetHints":{"allow":["GET"]}}],"collection":[{"href":"https:\/\/defrentealaverdad.com\/index.php\/wp-json\/wp\/v2\/posts"}],"about":[{"href":"https:\/\/defrentealaverdad.com\/index.php\/wp-json\/wp\/v2\/types\/post"}],"author":[{"embeddable":true,"href":"https:\/\/defrentealaverdad.com\/index.php\/wp-json\/wp\/v2\/users\/1"}],"replies":[{"embeddable":true,"href":"https:\/\/defrentealaverdad.com\/index.php\/wp-json\/wp\/v2\/comments?post=47262"}],"version-history":[{"count":1,"href":"https:\/\/defrentealaverdad.com\/index.php\/wp-json\/wp\/v2\/posts\/47262\/revisions"}],"predecessor-version":[{"id":47264,"href":"https:\/\/defrentealaverdad.com\/index.php\/wp-json\/wp\/v2\/posts\/47262\/revisions\/47264"}],"wp:featuredmedia":[{"embeddable":true,"href":"https:\/\/defrentealaverdad.com\/index.php\/wp-json\/wp\/v2\/media\/47263"}],"wp:attachment":[{"href":"https:\/\/defrentealaverdad.com\/index.php\/wp-json\/wp\/v2\/media?parent=47262"}],"wp:term":[{"taxonomy":"category","embeddable":true,"href":"https:\/\/defrentealaverdad.com\/index.php\/wp-json\/wp\/v2\/categories?post=47262"},{"taxonomy":"post_tag","embeddable":true,"href":"https:\/\/defrentealaverdad.com\/index.php\/wp-json\/wp\/v2\/tags?post=47262"}],"curies":[{"name":"wp","href":"https:\/\/api.w.org\/{rel}","templated":true}]}}