{"id":47253,"date":"2025-08-25T19:02:49","date_gmt":"2025-08-25T19:02:49","guid":{"rendered":"https:\/\/defrentealaverdad.com\/?p=47253"},"modified":"2025-08-26T20:03:26","modified_gmt":"2025-08-26T20:03:26","slug":"ucrania-conmemora-su-dia-de-la-independencia-y-refuerza-lazos-de-amistad-con-la-republica-dominicana","status":"publish","type":"post","link":"https:\/\/defrentealaverdad.com\/index.php\/2025\/08\/25\/ucrania-conmemora-su-dia-de-la-independencia-y-refuerza-lazos-de-amistad-con-la-republica-dominicana\/","title":{"rendered":"Ucrania conmemora su D\u00eda de la Independencia y refuerza lazos de amistad con la Rep\u00fablica Dominicana"},"content":{"rendered":"<p style=\"text-align: justify;\">Santo Domingo, R.D: Ayer, 24 de agosto, la comunidad internacional record\u00f3 junto al pueblo ucraniano la celebraci\u00f3n de su D\u00eda de la Independencia, fecha que marca el hist\u00f3rico a\u00f1o 1991, cuando la naci\u00f3n reafirm\u00f3 su derecho a la libertad y la autodeterminaci\u00f3n tras la disoluci\u00f3n de la Uni\u00f3n Sovi\u00e9tica.<\/p>\n<p style=\"text-align: justify;\">El aniversario n\u00famero 34 fue motivo de m\u00faltiples mensajes de felicitaci\u00f3n en distintas capitales del mundo, destacando la resiliencia de los ucranianos frente a los retos que han enfrentado en su historia reciente. La conmemoraci\u00f3n, adem\u00e1s de honrar la lucha por la soberan\u00eda, se convirti\u00f3 en un recordatorio de los valores de democracia, paz y solidaridad que Ucrania comparte con otras naciones.<\/p>\n<p style=\"text-align: justify;\">En Rep\u00fablica Dominicana, la fecha fue resaltada como una oportunidad para fortalecer los lazos diplom\u00e1ticos y culturales entre Santo Domingo y Kiev. Durante los \u00faltimos a\u00f1os, ambos pa\u00edses han impulsado espacios de cooperaci\u00f3n interparlamentaria, as\u00ed como iniciativas de intercambio cultural que buscan acercar m\u00e1s a sus pueblos.<\/p>\n<p style=\"text-align: justify;\">Autoridades diplom\u00e1ticas recordaron que, m\u00e1s all\u00e1 de la distancia geogr\u00e1fica, dominicanos y ucranianos comparten aspiraciones comunes: la defensa de la libertad, el respeto mutuo y la construcci\u00f3n de sociedades m\u00e1s pr\u00f3speras.<\/p>\n<p style=\"text-align: justify;\">La conmemoraci\u00f3n del D\u00eda de la Independencia de Ucrania reafirma as\u00ed no solo la fuerza de su pueblo, sino tambi\u00e9n la voluntad de seguir tendiendo puentes de amistad con naciones como la Rep\u00fablica Dominicana.<\/p>\n<p>Fuente: Cuerpo Diplom\u00e1tico Ucrania en RD<\/p>\n","protected":false},"excerpt":{"rendered":"<p>Santo Domingo, R.D: Ayer, 24 de agosto, la comunidad internacional record\u00f3 junto al pueblo ucraniano<\/p>\n","protected":false},"author":4,"featured_media":0,"comment_status":"open","ping_status":"open","sticky":false,"template":"","format":"standard","meta":{"footnotes":""},"categories":[16],"tags":[],"class_list":["post-47253","post","type-post","status-publish","format-standard","hentry","category-internacionales"],"_links":{"self":[{"href":"https:\/\/defrentealaverdad.com\/index.php\/wp-json\/wp\/v2\/posts\/47253","targetHints":{"allow":["GET"]}}],"collection":[{"href":"https:\/\/defrentealaverdad.com\/index.php\/wp-json\/wp\/v2\/posts"}],"about":[{"href":"https:\/\/defrentealaverdad.com\/index.php\/wp-json\/wp\/v2\/types\/post"}],"author":[{"embeddable":true,"href":"https:\/\/defrentealaverdad.com\/index.php\/wp-json\/wp\/v2\/users\/4"}],"replies":[{"embeddable":true,"href":"https:\/\/defrentealaverdad.com\/index.php\/wp-json\/wp\/v2\/comments?post=47253"}],"version-history":[{"count":1,"href":"https:\/\/defrentealaverdad.com\/index.php\/wp-json\/wp\/v2\/posts\/47253\/revisions"}],"predecessor-version":[{"id":47254,"href":"https:\/\/defrentealaverdad.com\/index.php\/wp-json\/wp\/v2\/posts\/47253\/revisions\/47254"}],"wp:attachment":[{"href":"https:\/\/defrentealaverdad.com\/index.php\/wp-json\/wp\/v2\/media?parent=47253"}],"wp:term":[{"taxonomy":"category","embeddable":true,"href":"https:\/\/defrentealaverdad.com\/index.php\/wp-json\/wp\/v2\/categories?post=47253"},{"taxonomy":"post_tag","embeddable":true,"href":"https:\/\/defrentealaverdad.com\/index.php\/wp-json\/wp\/v2\/tags?post=47253"}],"curies":[{"name":"wp","href":"https:\/\/api.w.org\/{rel}","templated":true}]}}