{"id":47241,"date":"2025-08-25T10:47:13","date_gmt":"2025-08-25T10:47:13","guid":{"rendered":"https:\/\/defrentealaverdad.com\/?p=47241"},"modified":"2025-08-26T19:49:49","modified_gmt":"2025-08-26T19:49:49","slug":"arranca-el-ano-escolar-2025-2026-con-mas-de-2-millones-de-estudiantes-en-las-aulas","status":"publish","type":"post","link":"https:\/\/defrentealaverdad.com\/index.php\/2025\/08\/25\/arranca-el-ano-escolar-2025-2026-con-mas-de-2-millones-de-estudiantes-en-las-aulas\/","title":{"rendered":"Arranca el a\u00f1o escolar 2025-2026 con m\u00e1s de 2 millones de estudiantes en las aulas"},"content":{"rendered":"<p style=\"text-align: justify;\">El presidente de la Rep\u00fablica, Luis Abinader, y el ministro de Educaci\u00f3n, Luis Miguel De Camps, encabezaron este lunes el acto oficial de apertura del a\u00f1o escolar 2025-2026, en una ceremonia realizada en el Centro Educativo en Artes Casandra Damir\u00f3n, en Santo Domingo Este.<\/p>\n<p style=\"text-align: justify;\">Durante la actividad, que cont\u00f3 con la presencia de autoridades del sector educativo, representantes de la sociedad civil, padres, madres y estudiantes, se dej\u00f3 formalmente iniciado el calendario escolar en todo el pa\u00eds.<\/p>\n<p style=\"text-align: justify;\">Asimismo, la estudiante Nicole Esther Gonz\u00e1lez Abreu, de sexto grado de Secundaria, pronunci\u00f3 unas palabras en nombre de sus compa\u00f1eros, en las que agradeci\u00f3 a la actual Administraci\u00f3n.<\/p>\n<blockquote>\n<p style=\"text-align: center;\">\u201cAgradecemos al ministro de Educaci\u00f3n Luis Miguel De Camps Garc\u00eda y a todas las autoridades presentes, por hacer de la educaci\u00f3n una prioridad y brindarnos las herramientas necesarias para construir un mejor ma\u00f1ana\u201d, dijo.<\/p>\n<\/blockquote>\n<p style=\"text-align: justify;\">En su discurso central, el ministro De Camps afirm\u00f3 que el inicio del a\u00f1o escolar representa un compromiso renovado con la calidad educativa. Destac\u00f3 que este ciclo inicia con una matr\u00edcula total de 2,062,061 estudiantes del sector p\u00fablico.<\/p>\n<blockquote>\n<p style=\"text-align: center;\">\u00a0\u00abHoy iniciamos un nuevo a\u00f1o escolar convencidos de que la educaci\u00f3n es el camino m\u00e1s seguro hacia el desarrollo, la equidad y el futuro de la Rep\u00fablica Dominicana. La educaci\u00f3n no es tarea de un ministerio ni de un partido; es la causa nacional que une al pa\u00eds entero y la inversi\u00f3n m\u00e1s patri\u00f3tica que podemos hacer\u00bb, enfatiz\u00f3 el ministro De Camps.<\/p>\n<\/blockquote>\n<p style=\"text-align: justify;\">El programa de transporte escolar TRAE tambi\u00e9n se expande este a\u00f1o, disponiendo de 1,871 autobuses en todo el pa\u00eds, 50 de ellos accesibles con rampas, que en los \u00faltimos dos a\u00f1os han realizado m\u00e1s de 36.12 millones de viajes.<\/p>\n<p style=\"text-align: justify;\">En materia de personal docente, el sistema arranca con 143,913 docentes en servicio. Para este a\u00f1o se incorporaron 6,483 docentes y 8,666 administrativos, al tiempo que m\u00e1s de 132,000 maestros participaron en jornadas de capacitaci\u00f3n de verano bajo la estrategia Innovar y Aprender, con \u00e9nfasis en el enfoque STEAM.<\/p>\n<p style=\"text-align: justify;\">En cuanto a los cupos, la cartera educativa garantiz\u00f3 2.06 millones de espacios en el sector p\u00fablico, de los cuales el 99.85% corresponde a aulas tradicionales y un 0.15% a soluciones alternativas como aulas prefabricadas, alquileres y asistencia escolar en el sector privado<\/p>\n<p style=\"text-align: justify;\">En el \u00e1mbito del bienestar estudiantil, el sistema fortalece la alimentaci\u00f3n escolar en todas sus modalidades, la entrega de kits completos con uniformes, zapatos y mochilas para toda la poblaci\u00f3n estudiantil y el programa Bono a Mil, que beneficiar\u00e1 a 1,39 millones de estudiantes, sin incluir al subsistema de adultos.<\/p>\n<p style=\"text-align: justify;\">A esto se suma el fortalecimiento del Centro de Apoyo Psicoemocional (CAPEM), as\u00ed como la estrategia de retenci\u00f3n y vuelta a la escuela para adolescentes y j\u00f3venes, con acciones de prevenci\u00f3n del embarazo y uniones tempranas, el programa de higiene menstrual y el fortalecimiento de las rutas accesibles de transporte escolar.<\/p>\n<p style=\"text-align: justify;\">La hoja de ruta, presetada por De Camps para mejorar los aprendizajes, incorpora tambi\u00e9n la educaci\u00f3n en valores, identidad y ciudadan\u00eda activa, con la ense\u00f1anza de Moral, C\u00edvica y \u00c9tica Ciudadana en todos los niveles, modalidades y subsistemas a partir de este curso, adem\u00e1s de la Estrategia Nacional de Cultura de Paz, los programas de liderazgo estudiantil y el involucramiento de los consejos y congresos escolares. Seg\u00fan explic\u00f3 De Camps, se busca tambi\u00e9n un rol m\u00e1s fuerte de las familias en la formaci\u00f3n, como parte de una comunidad educativa corresponsable.<\/p>\n<p style=\"text-align: justify;\">El MINERD subray\u00f3 la anpliaci\u00f3n del nivel inicial, ya que la matr\u00edcula de ni\u00f1os de 3 y 4 a\u00f1os del sector p\u00fablico se ha m\u00e1s que duplicado con respecto al a\u00f1o escolar 2019-2020.<\/p>\n<p style=\"text-align: justify;\">De forma simult\u00e1nea, todos los centros educativos del pa\u00eds dieron inicio al a\u00f1o escolar con actos formales, entre ellos encabezados por funcionarios de la actual Administraci\u00f3n, como respaldo a la calidad en el sistema p\u00fablico preuniversitario.<\/p>\n<p style=\"text-align: justify;\">El acto inaugural cont\u00f3 con la bendici\u00f3n del padre Nicol\u00e1s Cuello y la participaci\u00f3n de autoridades como el ministro de Educaci\u00f3n Superior, Ciencia y Tecnolog\u00eda, Franklin Garc\u00eda Ferm\u00edn; el defensor del Pueblo, Pablo Ulloa; representantes de la ADP, EDUCA, APMAES, as\u00ed como senadores, alcaldes, viceministros y directivos del sistema educativo.<\/p>\n<p>&nbsp;<\/p>\n<p>Fuente: Direcci\u00f3n de Comunicaciones MINERD<\/p>\n","protected":false},"excerpt":{"rendered":"<p>El presidente de la Rep\u00fablica, Luis Abinader, y el ministro de Educaci\u00f3n, Luis Miguel De<\/p>\n","protected":false},"author":4,"featured_media":47242,"comment_status":"open","ping_status":"open","sticky":false,"template":"","format":"standard","meta":{"footnotes":""},"categories":[7],"tags":[],"class_list":["post-47241","post","type-post","status-publish","format-standard","has-post-thumbnail","hentry","category-nacionales"],"_links":{"self":[{"href":"https:\/\/defrentealaverdad.com\/index.php\/wp-json\/wp\/v2\/posts\/47241","targetHints":{"allow":["GET"]}}],"collection":[{"href":"https:\/\/defrentealaverdad.com\/index.php\/wp-json\/wp\/v2\/posts"}],"about":[{"href":"https:\/\/defrentealaverdad.com\/index.php\/wp-json\/wp\/v2\/types\/post"}],"author":[{"embeddable":true,"href":"https:\/\/defrentealaverdad.com\/index.php\/wp-json\/wp\/v2\/users\/4"}],"replies":[{"embeddable":true,"href":"https:\/\/defrentealaverdad.com\/index.php\/wp-json\/wp\/v2\/comments?post=47241"}],"version-history":[{"count":1,"href":"https:\/\/defrentealaverdad.com\/index.php\/wp-json\/wp\/v2\/posts\/47241\/revisions"}],"predecessor-version":[{"id":47243,"href":"https:\/\/defrentealaverdad.com\/index.php\/wp-json\/wp\/v2\/posts\/47241\/revisions\/47243"}],"wp:featuredmedia":[{"embeddable":true,"href":"https:\/\/defrentealaverdad.com\/index.php\/wp-json\/wp\/v2\/media\/47242"}],"wp:attachment":[{"href":"https:\/\/defrentealaverdad.com\/index.php\/wp-json\/wp\/v2\/media?parent=47241"}],"wp:term":[{"taxonomy":"category","embeddable":true,"href":"https:\/\/defrentealaverdad.com\/index.php\/wp-json\/wp\/v2\/categories?post=47241"},{"taxonomy":"post_tag","embeddable":true,"href":"https:\/\/defrentealaverdad.com\/index.php\/wp-json\/wp\/v2\/tags?post=47241"}],"curies":[{"name":"wp","href":"https:\/\/api.w.org\/{rel}","templated":true}]}}