{"id":47232,"date":"2025-08-26T09:37:42","date_gmt":"2025-08-26T09:37:42","guid":{"rendered":"https:\/\/defrentealaverdad.com\/?p=47232"},"modified":"2025-08-26T19:39:32","modified_gmt":"2025-08-26T19:39:32","slug":"ejercito-detiene-a-indocumentados-detectados-con-drones-en-una-zona-boscosa-de-el-carrizal-en-elias-pina","status":"publish","type":"post","link":"https:\/\/defrentealaverdad.com\/index.php\/2025\/08\/26\/ejercito-detiene-a-indocumentados-detectados-con-drones-en-una-zona-boscosa-de-el-carrizal-en-elias-pina\/","title":{"rendered":"Ej\u00e9rcito detiene a indocumentados detectados con drones en una zona boscosa de El Carrizal en El\u00edas Pi\u00f1a"},"content":{"rendered":"<p>Por Felix Rubio<\/p>\n<p style=\"text-align: justify;\"><strong>El\u00edas Pi\u00f1a<\/strong> \u2013 Miembros del Ej\u00e9rcito de Rep\u00fablica Dominicana, adscritos al Puesto Timoteo Ogando en El Carrizal, provincia El\u00edas Pi\u00f1a, lograron detener a seis nacionales haitianos, luego de que un equipo de reconocimiento y vigilancia, detectara con drones de uso militar la presencia de los extranjeros en la zona fronteriza.<\/p>\n<p style=\"text-align: justify;\">La detenci\u00f3n se produjo cuando una patrulla del ERD, intercept\u00f3 a los indocumentados que se ocultaban en una zona boscosa y fueron detectados con los drones de vigilancia.<\/p>\n<p style=\"text-align: justify;\">Los extranjeros indocumentados detenidos fueron trasladadas a la sede del 11er. Batall\u00f3n de Infanter\u00eda del ERD, para los fines procedentes.<\/p>\n<p style=\"text-align: justify;\">El Ej\u00e9rcito de Rep\u00fablica Dominicana mantiene sus operativos de vigilancia y control fronterizo, apoy\u00e1ndose en tecnolog\u00eda y en la capacidad de reacci\u00f3n de sus unidades terrestres, con el objetivo de enfrentar de manera efectiva los diferentes il\u00edcitos en la zona fronteriza.<\/p>\n<p>&nbsp;<\/p>\n<p>Fuente: Ej\u00e9rcito de Rep\u00fablica Dominicana<\/p>\n","protected":false},"excerpt":{"rendered":"<p>Por Felix Rubio El\u00edas Pi\u00f1a \u2013 Miembros del Ej\u00e9rcito de Rep\u00fablica Dominicana, adscritos al Puesto<\/p>\n","protected":false},"author":1,"featured_media":47233,"comment_status":"open","ping_status":"open","sticky":false,"template":"","format":"standard","meta":{"footnotes":""},"categories":[7],"tags":[],"class_list":["post-47232","post","type-post","status-publish","format-standard","has-post-thumbnail","hentry","category-nacionales"],"_links":{"self":[{"href":"https:\/\/defrentealaverdad.com\/index.php\/wp-json\/wp\/v2\/posts\/47232","targetHints":{"allow":["GET"]}}],"collection":[{"href":"https:\/\/defrentealaverdad.com\/index.php\/wp-json\/wp\/v2\/posts"}],"about":[{"href":"https:\/\/defrentealaverdad.com\/index.php\/wp-json\/wp\/v2\/types\/post"}],"author":[{"embeddable":true,"href":"https:\/\/defrentealaverdad.com\/index.php\/wp-json\/wp\/v2\/users\/1"}],"replies":[{"embeddable":true,"href":"https:\/\/defrentealaverdad.com\/index.php\/wp-json\/wp\/v2\/comments?post=47232"}],"version-history":[{"count":1,"href":"https:\/\/defrentealaverdad.com\/index.php\/wp-json\/wp\/v2\/posts\/47232\/revisions"}],"predecessor-version":[{"id":47234,"href":"https:\/\/defrentealaverdad.com\/index.php\/wp-json\/wp\/v2\/posts\/47232\/revisions\/47234"}],"wp:featuredmedia":[{"embeddable":true,"href":"https:\/\/defrentealaverdad.com\/index.php\/wp-json\/wp\/v2\/media\/47233"}],"wp:attachment":[{"href":"https:\/\/defrentealaverdad.com\/index.php\/wp-json\/wp\/v2\/media?parent=47232"}],"wp:term":[{"taxonomy":"category","embeddable":true,"href":"https:\/\/defrentealaverdad.com\/index.php\/wp-json\/wp\/v2\/categories?post=47232"},{"taxonomy":"post_tag","embeddable":true,"href":"https:\/\/defrentealaverdad.com\/index.php\/wp-json\/wp\/v2\/tags?post=47232"}],"curies":[{"name":"wp","href":"https:\/\/api.w.org\/{rel}","templated":true}]}}