{"id":47224,"date":"2025-08-25T22:47:48","date_gmt":"2025-08-25T22:47:48","guid":{"rendered":"https:\/\/defrentealaverdad.com\/?p=47224"},"modified":"2025-08-26T02:49:33","modified_gmt":"2025-08-26T02:49:33","slug":"codenot-inaugura-diplomado-su-presidente-exalta-transparencia","status":"publish","type":"post","link":"https:\/\/defrentealaverdad.com\/index.php\/2025\/08\/25\/codenot-inaugura-diplomado-su-presidente-exalta-transparencia\/","title":{"rendered":"Codenot inaugura diplomado; su presidente exalta transparencia"},"content":{"rendered":"<p style=\"text-align: justify;\">Santo Domingo, R.D.- Al dejar inaugurado el Segundo Diplomado en Derecho Notarial, el presidente del Colegio Dominicano de Notarios (Codenot), Jhon Richard Paniagua F\u00e9liz, afirm\u00f3 que esta profesi\u00f3n constituye la columna vertebral de la seguridad jur\u00eddica y la \u00e9tica en la sociedad, pero advirti\u00f3 que no puede cumplir este rol sin el respaldo decidido de los tres poderes del Estado.<\/p>\n<blockquote>\n<p style=\"text-align: center;\">\u201cEs indispensable transparentar el ejercicio notarial para garantizar a la Rep\u00fablica Dominicana un servicio \u00e9tico, moderno y alineado al mandato de la ley\u201d, expres\u00f3 Paniagua F\u00e9liz al pronunciar las palabras de apertura del diplomado, que cuenta con la participaci\u00f3n de 147 notarios, en la sede del gremio en Gazcue.<\/p>\n<\/blockquote>\n<p style=\"text-align: justify;\">Manifest\u00f3 que la actual gesti\u00f3n del Codenot trabaja con determinaci\u00f3n para mejorar el ejercicio notarial y fortalecer la formaci\u00f3n acad\u00e9mica como garant\u00eda de institucionalidad, subrayando que la capacitaci\u00f3n continua es esencial para elevar la calidad del servicio y consolidar la confianza ciudadana en el notariado.<\/p>\n<p style=\"text-align: justify;\">La ceremonia de apertura incluy\u00f3 la conferencia magistral \u201cLa funci\u00f3n notarial desde el punto de vista de la \u00e9tica\u201d, dictada por el magistrado Justiniano Montero Montero, juez de la Primera Sala de la Suprema Corte de Justicia. En su disertaci\u00f3n, destac\u00f3 los principios y valores como pilares de la pr\u00e1ctica notarial y record\u00f3 las obligaciones establecidas en el art\u00edculo 96 de la Ley 140-15.<\/p>\n<p style=\"text-align: justify;\">Durante el acto, Montero recibi\u00f3 un pergamino de honor en reconocimiento a su trayectoria profesional sustentada en la \u00e9tica y la moral, lo que le mereci\u00f3 una ovaci\u00f3n de pie por parte de los asistentes.<\/p>\n<p style=\"text-align: justify;\">La actividad cont\u00f3 con la participaci\u00f3n de directivos de la actual gesti\u00f3n, expresidentes del Colegio y aspirantes a notarios, quienes respaldaron esta nueva etapa de capacitaci\u00f3n.<\/p>\n<p>&nbsp;<\/p>\n<p>&nbsp;<\/p>\n<p>Fuente: Prensa Codenot<\/p>\n","protected":false},"excerpt":{"rendered":"<p>Santo Domingo, R.D.- Al dejar inaugurado el Segundo Diplomado en Derecho Notarial, el presidente del<\/p>\n","protected":false},"author":1,"featured_media":47225,"comment_status":"open","ping_status":"open","sticky":false,"template":"","format":"standard","meta":{"footnotes":""},"categories":[7],"tags":[],"class_list":["post-47224","post","type-post","status-publish","format-standard","has-post-thumbnail","hentry","category-nacionales"],"_links":{"self":[{"href":"https:\/\/defrentealaverdad.com\/index.php\/wp-json\/wp\/v2\/posts\/47224","targetHints":{"allow":["GET"]}}],"collection":[{"href":"https:\/\/defrentealaverdad.com\/index.php\/wp-json\/wp\/v2\/posts"}],"about":[{"href":"https:\/\/defrentealaverdad.com\/index.php\/wp-json\/wp\/v2\/types\/post"}],"author":[{"embeddable":true,"href":"https:\/\/defrentealaverdad.com\/index.php\/wp-json\/wp\/v2\/users\/1"}],"replies":[{"embeddable":true,"href":"https:\/\/defrentealaverdad.com\/index.php\/wp-json\/wp\/v2\/comments?post=47224"}],"version-history":[{"count":1,"href":"https:\/\/defrentealaverdad.com\/index.php\/wp-json\/wp\/v2\/posts\/47224\/revisions"}],"predecessor-version":[{"id":47226,"href":"https:\/\/defrentealaverdad.com\/index.php\/wp-json\/wp\/v2\/posts\/47224\/revisions\/47226"}],"wp:featuredmedia":[{"embeddable":true,"href":"https:\/\/defrentealaverdad.com\/index.php\/wp-json\/wp\/v2\/media\/47225"}],"wp:attachment":[{"href":"https:\/\/defrentealaverdad.com\/index.php\/wp-json\/wp\/v2\/media?parent=47224"}],"wp:term":[{"taxonomy":"category","embeddable":true,"href":"https:\/\/defrentealaverdad.com\/index.php\/wp-json\/wp\/v2\/categories?post=47224"},{"taxonomy":"post_tag","embeddable":true,"href":"https:\/\/defrentealaverdad.com\/index.php\/wp-json\/wp\/v2\/tags?post=47224"}],"curies":[{"name":"wp","href":"https:\/\/api.w.org\/{rel}","templated":true}]}}