{"id":47221,"date":"2025-08-25T22:44:29","date_gmt":"2025-08-25T22:44:29","guid":{"rendered":"https:\/\/defrentealaverdad.com\/?p=47221"},"modified":"2025-08-26T02:46:44","modified_gmt":"2025-08-26T02:46:44","slug":"fuertes-vientos-afectan-viviendas-tendido-electrico-arboles-y-letreros-en-dajabon","status":"publish","type":"post","link":"https:\/\/defrentealaverdad.com\/index.php\/2025\/08\/25\/fuertes-vientos-afectan-viviendas-tendido-electrico-arboles-y-letreros-en-dajabon\/","title":{"rendered":"Fuertes vientos afectan viviendas, tendido el\u00e9ctrico, arboles y letreros en Dajab\u00f3n"},"content":{"rendered":"<p style=\"text-align: justify;\">Dajab\u00f3n, Rep\u00fablica Dominicana.- Producto de los fuertes vientos que acompa\u00f1aron a una intensa lluvia registrada en esta provincia fronteriza, varios techos de viviendas fueron afectados, provocando adem\u00e1s el desplome de arboles, letreros, vallas y postes del tendido el\u00e9ctrico.<\/p>\n<p style=\"text-align: justify;\">En el sector de Las Caobas, de la comunidad de Cayuco, unos 10 postes del tendido el\u00e9ctricos fueron derribados en plena v\u00eda p\u00fablica por las fuertes r\u00e1fagas de viento, generando la interrupci\u00f3n del del servicio en Cayuco, Las Caobas, La Aviaci\u00f3n y Clavellina, correspondientes al circuito DAJA101AVI (ITC-Aviaci\u00f3n)<\/p>\n<p style=\"text-align: justify;\">Al finalizar las lluvias una brigada del equipo t\u00e9cnico de EDENORTE se present\u00f3 al lugar logrando el reposicionamiento de los postes despejando s\u00ed la carretera, y reparando el tendido el\u00e9ctrico en este y otros lugares de la zona que tambi\u00e9n resultaron afectados.<\/p>\n<p style=\"text-align: justify;\">Durante el paso de Este fen\u00f3menos atmosf\u00e9rico que tom\u00f3 de sorpresa a los ciudadanos,\u00a0 varias viviendas y establecimientos comerciales resultaron afectados, ocasionando el desplome de letreros publicitarios, vallas y arboles, sin que se registrasen heridos ni fallecidos.<\/p>\n<p>Fuente: Luis Cruz Jr.<\/p>\n","protected":false},"excerpt":{"rendered":"<p>Dajab\u00f3n, Rep\u00fablica Dominicana.- Producto de los fuertes vientos que acompa\u00f1aron a una intensa lluvia registrada<\/p>\n","protected":false},"author":1,"featured_media":47223,"comment_status":"open","ping_status":"open","sticky":false,"template":"","format":"standard","meta":{"footnotes":""},"categories":[7],"tags":[],"class_list":["post-47221","post","type-post","status-publish","format-standard","has-post-thumbnail","hentry","category-nacionales"],"_links":{"self":[{"href":"https:\/\/defrentealaverdad.com\/index.php\/wp-json\/wp\/v2\/posts\/47221","targetHints":{"allow":["GET"]}}],"collection":[{"href":"https:\/\/defrentealaverdad.com\/index.php\/wp-json\/wp\/v2\/posts"}],"about":[{"href":"https:\/\/defrentealaverdad.com\/index.php\/wp-json\/wp\/v2\/types\/post"}],"author":[{"embeddable":true,"href":"https:\/\/defrentealaverdad.com\/index.php\/wp-json\/wp\/v2\/users\/1"}],"replies":[{"embeddable":true,"href":"https:\/\/defrentealaverdad.com\/index.php\/wp-json\/wp\/v2\/comments?post=47221"}],"version-history":[{"count":1,"href":"https:\/\/defrentealaverdad.com\/index.php\/wp-json\/wp\/v2\/posts\/47221\/revisions"}],"predecessor-version":[{"id":47222,"href":"https:\/\/defrentealaverdad.com\/index.php\/wp-json\/wp\/v2\/posts\/47221\/revisions\/47222"}],"wp:featuredmedia":[{"embeddable":true,"href":"https:\/\/defrentealaverdad.com\/index.php\/wp-json\/wp\/v2\/media\/47223"}],"wp:attachment":[{"href":"https:\/\/defrentealaverdad.com\/index.php\/wp-json\/wp\/v2\/media?parent=47221"}],"wp:term":[{"taxonomy":"category","embeddable":true,"href":"https:\/\/defrentealaverdad.com\/index.php\/wp-json\/wp\/v2\/categories?post=47221"},{"taxonomy":"post_tag","embeddable":true,"href":"https:\/\/defrentealaverdad.com\/index.php\/wp-json\/wp\/v2\/tags?post=47221"}],"curies":[{"name":"wp","href":"https:\/\/api.w.org\/{rel}","templated":true}]}}