{"id":47218,"date":"2025-08-25T22:32:17","date_gmt":"2025-08-25T22:32:17","guid":{"rendered":"https:\/\/defrentealaverdad.com\/?p=47218"},"modified":"2025-08-26T02:32:33","modified_gmt":"2025-08-26T02:32:33","slug":"mas-de-700-ninos-reciben-utiles-escolares-de-parte-de-andelson-matos-en-jimani","status":"publish","type":"post","link":"https:\/\/defrentealaverdad.com\/index.php\/2025\/08\/25\/mas-de-700-ninos-reciben-utiles-escolares-de-parte-de-andelson-matos-en-jimani\/","title":{"rendered":"M\u00e1s de 700 ni\u00f1os reciben \u00fatiles escolares de parte de Andelson Matos en Jiman\u00ed"},"content":{"rendered":"<p style=\"text-align: justify;\">El presidente de la fundaci\u00f3n Una visi\u00f3n de Futuro Andelson Matos hizo una entrega de \u00fatiles escolares a m\u00e1s de 700 ni\u00f1os que van a la escuela en distintas comunidades de Jiman\u00ed.<\/p>\n<p style=\"text-align: justify;\">El evento como ya es costumbre tuvo una celebraci\u00f3n majestuosa que logr\u00f3 llevar alegr\u00eda a los ni\u00f1os de estas comunidades fronterizas, donde incentiva con distintas din\u00e1micas a ir a la escuela desde el primer d\u00eda.<\/p>\n<p style=\"text-align: justify;\">Matos agradeci\u00f3 a Dios que siempre pone en \u00e9l tanto el querer como el hacer, para llevar estas soluciones a padres que son de muy bajos recursos, y que con estas entregas no solo ahorran el no tener que comprar los \u00fatiles, sino que tambi\u00e9n llevan sus hijos a recibir la motivaci\u00f3n de la fundaci\u00f3n para ser buenos estudiantes.<\/p>\n<p style=\"text-align: justify;\">Andelson Matos a trav\u00e9s de la fundaci\u00f3n Una Visison de Futuro, tambi\u00e9n realiza otras actividades en esta zona fronteriza, en d\u00edas pasados tambi\u00e9n estuvo realizando actividades deportivas a favor de la ni\u00f1ez y juventud de esta regi\u00f3n del sur profundo.<\/p>\n<p style=\"text-align: justify;\">Los padres de los ni\u00f1os resaltaron el importante trabajo en beneficio de la comunidad que realiza Andelson, motivado por el deseo de avanzar junto con su pueblo.<\/p>\n<blockquote>\n<p style=\"text-align: center;\">\u201cGracias Andelson por tu colaboraci\u00f3n para el pueblo de Jiman\u00ed, que te acordaste de estos ni\u00f1os que necesitaban estos \u00fatiles, y tambi\u00e9n de los padres que no ten\u00edamos para comprarlo\u201d. As\u00ed se expresaron algunos de los padres y madres asistentes a la actividad.<\/p>\n<\/blockquote>\n<p style=\"text-align: justify;\">Matos concluy\u00f3 destacando la importancia de la acci\u00f3n:<\/p>\n<blockquote>\n<p style=\"text-align: center;\">\u201cEl impacto que hemos logrado en nuestra comunidad con esta entrega de m\u00e1s de 700 mochilas para los ni\u00f1os de nuestra comunidad y de nuestra provincia Independencia, provincia que me vio nacer, nos motiva a seguir ayudando, y de con este granito de arena, devolver un poco a mi pueblo que me ha dado tanto\u201d<\/p>\n<\/blockquote>\n<p>Fuente: W. Polanco<\/p>\n","protected":false},"excerpt":{"rendered":"<p>El presidente de la fundaci\u00f3n Una visi\u00f3n de Futuro Andelson Matos hizo una entrega de<\/p>\n","protected":false},"author":1,"featured_media":47219,"comment_status":"open","ping_status":"open","sticky":false,"template":"","format":"standard","meta":{"footnotes":""},"categories":[7],"tags":[],"class_list":["post-47218","post","type-post","status-publish","format-standard","has-post-thumbnail","hentry","category-nacionales"],"_links":{"self":[{"href":"https:\/\/defrentealaverdad.com\/index.php\/wp-json\/wp\/v2\/posts\/47218","targetHints":{"allow":["GET"]}}],"collection":[{"href":"https:\/\/defrentealaverdad.com\/index.php\/wp-json\/wp\/v2\/posts"}],"about":[{"href":"https:\/\/defrentealaverdad.com\/index.php\/wp-json\/wp\/v2\/types\/post"}],"author":[{"embeddable":true,"href":"https:\/\/defrentealaverdad.com\/index.php\/wp-json\/wp\/v2\/users\/1"}],"replies":[{"embeddable":true,"href":"https:\/\/defrentealaverdad.com\/index.php\/wp-json\/wp\/v2\/comments?post=47218"}],"version-history":[{"count":1,"href":"https:\/\/defrentealaverdad.com\/index.php\/wp-json\/wp\/v2\/posts\/47218\/revisions"}],"predecessor-version":[{"id":47220,"href":"https:\/\/defrentealaverdad.com\/index.php\/wp-json\/wp\/v2\/posts\/47218\/revisions\/47220"}],"wp:featuredmedia":[{"embeddable":true,"href":"https:\/\/defrentealaverdad.com\/index.php\/wp-json\/wp\/v2\/media\/47219"}],"wp:attachment":[{"href":"https:\/\/defrentealaverdad.com\/index.php\/wp-json\/wp\/v2\/media?parent=47218"}],"wp:term":[{"taxonomy":"category","embeddable":true,"href":"https:\/\/defrentealaverdad.com\/index.php\/wp-json\/wp\/v2\/categories?post=47218"},{"taxonomy":"post_tag","embeddable":true,"href":"https:\/\/defrentealaverdad.com\/index.php\/wp-json\/wp\/v2\/tags?post=47218"}],"curies":[{"name":"wp","href":"https:\/\/api.w.org\/{rel}","templated":true}]}}