{"id":47215,"date":"2025-08-25T20:28:05","date_gmt":"2025-08-25T20:28:05","guid":{"rendered":"https:\/\/defrentealaverdad.com\/?p=47215"},"modified":"2025-08-26T02:29:14","modified_gmt":"2025-08-26T02:29:14","slug":"ejercito-arresta-a-oficial-transportando-haitianos-indocumentados-en-montecristi","status":"publish","type":"post","link":"https:\/\/defrentealaverdad.com\/index.php\/2025\/08\/25\/ejercito-arresta-a-oficial-transportando-haitianos-indocumentados-en-montecristi\/","title":{"rendered":"Ej\u00e9rcito arresta a oficial transportando haitianos indocumentados en Montecristi"},"content":{"rendered":"<p style=\"text-align: justify;\">Por Feliz Rubio<\/p>\n<p style=\"text-align: justify;\">\u2013 Durante un operativo realizado en el puesto de chequeo La Solitaria, miembros del Ej\u00e9rcito de Rep\u00fablica Dominicana detuvieron a un oficial de la instituci\u00f3n cuando transportaba a siete nacionales haitianos indocumentados en Montecristi.<\/p>\n<p style=\"text-align: justify;\">El Capit\u00e1n Jos\u00e9 E. Rosario M\u00e9ndez del ERD, fue interceptado cuando conduc\u00eda el veh\u00edculo Honda Accord, color rojo, placa A004875, con los extranjeros en condici\u00f3n migratoria irregular a bordo.<\/p>\n<p style=\"text-align: justify;\">Durante la inspecci\u00f3n tambi\u00e9n fueron ocupados varios tel\u00e9fonos celulares de diferentes marcas.<\/p>\n<p style=\"text-align: justify;\">El oficial detenido, junto a los extranjeros, entre ellos tres mujeres, tres hombres y un menor de edad, fueron trasladados a la sede de la 4ta. Brigada de Infanter\u00eda del ERD, para el proceso legal correspondiente.<\/p>\n<p>&nbsp;<\/p>\n<p>Fuente: Ej\u00e9rcito de Rep\u00fablica Dominicana<\/p>\n","protected":false},"excerpt":{"rendered":"<p>Por Feliz Rubio \u2013 Durante un operativo realizado en el puesto de chequeo La Solitaria,<\/p>\n","protected":false},"author":1,"featured_media":47216,"comment_status":"open","ping_status":"open","sticky":false,"template":"","format":"standard","meta":{"footnotes":""},"categories":[7],"tags":[],"class_list":["post-47215","post","type-post","status-publish","format-standard","has-post-thumbnail","hentry","category-nacionales"],"_links":{"self":[{"href":"https:\/\/defrentealaverdad.com\/index.php\/wp-json\/wp\/v2\/posts\/47215","targetHints":{"allow":["GET"]}}],"collection":[{"href":"https:\/\/defrentealaverdad.com\/index.php\/wp-json\/wp\/v2\/posts"}],"about":[{"href":"https:\/\/defrentealaverdad.com\/index.php\/wp-json\/wp\/v2\/types\/post"}],"author":[{"embeddable":true,"href":"https:\/\/defrentealaverdad.com\/index.php\/wp-json\/wp\/v2\/users\/1"}],"replies":[{"embeddable":true,"href":"https:\/\/defrentealaverdad.com\/index.php\/wp-json\/wp\/v2\/comments?post=47215"}],"version-history":[{"count":1,"href":"https:\/\/defrentealaverdad.com\/index.php\/wp-json\/wp\/v2\/posts\/47215\/revisions"}],"predecessor-version":[{"id":47217,"href":"https:\/\/defrentealaverdad.com\/index.php\/wp-json\/wp\/v2\/posts\/47215\/revisions\/47217"}],"wp:featuredmedia":[{"embeddable":true,"href":"https:\/\/defrentealaverdad.com\/index.php\/wp-json\/wp\/v2\/media\/47216"}],"wp:attachment":[{"href":"https:\/\/defrentealaverdad.com\/index.php\/wp-json\/wp\/v2\/media?parent=47215"}],"wp:term":[{"taxonomy":"category","embeddable":true,"href":"https:\/\/defrentealaverdad.com\/index.php\/wp-json\/wp\/v2\/categories?post=47215"},{"taxonomy":"post_tag","embeddable":true,"href":"https:\/\/defrentealaverdad.com\/index.php\/wp-json\/wp\/v2\/tags?post=47215"}],"curies":[{"name":"wp","href":"https:\/\/api.w.org\/{rel}","templated":true}]}}