{"id":47209,"date":"2025-08-25T18:20:56","date_gmt":"2025-08-25T18:20:56","guid":{"rendered":"https:\/\/defrentealaverdad.com\/?p=47209"},"modified":"2025-08-26T02:21:06","modified_gmt":"2025-08-26T02:21:06","slug":"acto-inaugural-del-xiv-torneo-de-baloncesto-superior-de-hato-del-yaque","status":"publish","type":"post","link":"https:\/\/defrentealaverdad.com\/index.php\/2025\/08\/25\/acto-inaugural-del-xiv-torneo-de-baloncesto-superior-de-hato-del-yaque\/","title":{"rendered":"Acto Inaugural del XIV Torneo de Baloncesto Superior de Hato del Yaque"},"content":{"rendered":"<blockquote>\n<p style=\"text-align: center;\">Arranca con \u00c9xito el XIV Torneo de Baloncesto Superior de Hato del Yaque<\/p>\n<\/blockquote>\n<p style=\"text-align: justify;\">Hato del Yaque, RD. -Con gran entusiasmo y emoci\u00f3n, se llev\u00f3 a cabo el acto inaugural del XIV Torneo de Baloncesto Superior de Hato del Yaque, uno de los eventos deportivos m\u00e1s importantes de la regi\u00f3n.<\/p>\n<p style=\"text-align: justify;\">El torneo, que re\u00fane a los mejores equipos de baloncesto de la zona, promete ser una competencia emocionante y llena de acci\u00f3n.<\/p>\n<p style=\"text-align: justify;\">Durante el acto inaugural, se presentaron los equipos participantes, se realiz\u00f3 el juramento de los jugadores y se dio el saque de honor para el inicio del torneo. La ceremonia estuvo llena de energ\u00eda y pasi\u00f3n, con la presencia de autoridades locales, dirigentes deportivos y aficionados al baloncesto.<\/p>\n<blockquote>\n<p style=\"text-align: center;\">\u201cTras diez a\u00f1os en pausa, como Comit\u00e9 Organizador, retomamos este torneo que es un evento insignia del deporte de Hato del Yaque, brind\u00e1ndole a nuestros j\u00f3venes un espacio de crecimiento y sana proyecci\u00f3n como atletas\u201d, expres\u00f3 Ferm\u00edn Noes\u00ed en su discurso.<\/p>\n<\/blockquote>\n<p style=\"text-align: justify;\">En esta edici\u00f3n especial, el XIV Torneo de Baloncesto Superior de Hato del Yaque est\u00e1 dedicado al alcalde de Santiago, Ulises Rodr\u00edguez, en reconocimiento a su apoyo y compromiso con el desarrollo del deporte en la regi\u00f3n quien reiter\u00f3 en sus palabras de agradecimiento su respaldo incondicional al deporte hatoyaquense y a las iniciativas que contribuyan al progreso y desarrollo del distrito municipal.<\/p>\n<p style=\"text-align: justify;\">Dentro de las personalidades asistentes estuvieron el Director Regional de la Polic\u00eda en el Cibao Central, General Juan Bautista Jim\u00e9nez Reynoso; Amalfi Su\u00e1rez, en representaci\u00f3n del senador de Santiago, Dr. Daniel Rivera; Rafael -Papito- Cruz, director general de ProIndustria; Jos\u00e9 Luis Aracena, presidente de ABASACA; los diputados Dr. Francisco D\u00edaz y Llaniris Espinal; Rafael -Pappy- P\u00e9rez, director de deportes de la Alcald\u00eda de Santiago, entre otros.<\/p>\n<p style=\"text-align: justify;\">El torneo es una oportunidad para que los j\u00f3venes talentos del baloncesto dominicano demuestren sus habilidades y se enfrenten en una competencia sana y emocionante. El torneo se jugar\u00e1 durante 22 noches con 44 juegos en total y se espera que sea una de las ediciones m\u00e1s re\u00f1idas y emocionantes de la historia.<\/p>\n<blockquote>\n<p style=\"text-align: center;\">Con dedicatoria especial al alcalde Ulises Rodr\u00edguez, el acto inaugural cont\u00f3 con autoridades locales y nacionales<\/p>\n<\/blockquote>\n<p style=\"text-align: justify;\">La conducci\u00f3n del acto inaugural estuvo a cargo de la comunicadora Milagros M\u00e9ndez; la animaci\u00f3n oficial del destacado locutor Franklin Santos -DJ Gordy-; mientras que la narraci\u00f3n deportiva cont\u00f3 con la voz de Jos\u00e9 Luis Rodr\u00edguez \u201cEl Puma\u201d y la locuci\u00f3n comercial, de Yadilsa Taveras.<\/p>\n<p style=\"text-align: justify;\"><strong>Horarios<\/strong> <strong>y transmisi\u00f3n<\/strong><\/p>\n<p style=\"text-align: justify;\">Los partidos se desarrollar\u00e1n los d\u00edas mi\u00e9rcoles, viernes y s\u00e1bados por espacio de dos meses en las instalaciones del Techado Municipal de Hato del Yaque.<\/p>\n<p style=\"text-align: justify;\">La transmisi\u00f3n de dichos juegos se realizar\u00e1 a trav\u00e9s de la emisora S\u00faper 103 FM del Grupo de Medios de Sandy Filpo.<\/p>\n<p style=\"text-align: justify;\">As\u00ed como desde el canal de YouTube \/ LA RUTA TV y LA CHERCHA CANELERA TV. Se suman a esta transmisi\u00f3n los canales 28 de Hato del Yaque y Cable Net 34.<\/p>\n<p>Fuente: M. M\u00e9ndez<\/p>\n","protected":false},"excerpt":{"rendered":"<p>Arranca con \u00c9xito el XIV Torneo de Baloncesto Superior de Hato del Yaque Hato del<\/p>\n","protected":false},"author":1,"featured_media":47210,"comment_status":"open","ping_status":"open","sticky":false,"template":"","format":"standard","meta":{"footnotes":""},"categories":[3],"tags":[],"class_list":["post-47209","post","type-post","status-publish","format-standard","has-post-thumbnail","hentry","category-deportes"],"_links":{"self":[{"href":"https:\/\/defrentealaverdad.com\/index.php\/wp-json\/wp\/v2\/posts\/47209","targetHints":{"allow":["GET"]}}],"collection":[{"href":"https:\/\/defrentealaverdad.com\/index.php\/wp-json\/wp\/v2\/posts"}],"about":[{"href":"https:\/\/defrentealaverdad.com\/index.php\/wp-json\/wp\/v2\/types\/post"}],"author":[{"embeddable":true,"href":"https:\/\/defrentealaverdad.com\/index.php\/wp-json\/wp\/v2\/users\/1"}],"replies":[{"embeddable":true,"href":"https:\/\/defrentealaverdad.com\/index.php\/wp-json\/wp\/v2\/comments?post=47209"}],"version-history":[{"count":1,"href":"https:\/\/defrentealaverdad.com\/index.php\/wp-json\/wp\/v2\/posts\/47209\/revisions"}],"predecessor-version":[{"id":47211,"href":"https:\/\/defrentealaverdad.com\/index.php\/wp-json\/wp\/v2\/posts\/47209\/revisions\/47211"}],"wp:featuredmedia":[{"embeddable":true,"href":"https:\/\/defrentealaverdad.com\/index.php\/wp-json\/wp\/v2\/media\/47210"}],"wp:attachment":[{"href":"https:\/\/defrentealaverdad.com\/index.php\/wp-json\/wp\/v2\/media?parent=47209"}],"wp:term":[{"taxonomy":"category","embeddable":true,"href":"https:\/\/defrentealaverdad.com\/index.php\/wp-json\/wp\/v2\/categories?post=47209"},{"taxonomy":"post_tag","embeddable":true,"href":"https:\/\/defrentealaverdad.com\/index.php\/wp-json\/wp\/v2\/tags?post=47209"}],"curies":[{"name":"wp","href":"https:\/\/api.w.org\/{rel}","templated":true}]}}