{"id":47206,"date":"2025-08-25T11:18:08","date_gmt":"2025-08-25T11:18:08","guid":{"rendered":"https:\/\/defrentealaverdad.com\/?p=47206"},"modified":"2025-08-26T02:18:18","modified_gmt":"2025-08-26T02:18:18","slug":"opinion-invitada-inteligencia-artificial-enemiga-o-aliada-del-sistema-educativo-dominicano","status":"publish","type":"post","link":"https:\/\/defrentealaverdad.com\/index.php\/2025\/08\/25\/opinion-invitada-inteligencia-artificial-enemiga-o-aliada-del-sistema-educativo-dominicano\/","title":{"rendered":"Opini\u00f3n Invitada: Inteligencia artificial: \u00bfenemiga o aliada del sistema educativo dominicano?"},"content":{"rendered":"<p style=\"text-align: justify;\">La irrupci\u00f3n de la inteligencia artificial generativa (IA-G) en los espacios educativos ha provocado reacciones diversas en distintos contextos.<\/p>\n<p style=\"text-align: justify;\">En la Rep\u00fablica Dominicana, el discurso p\u00fablico ha oscilado entre el asombro tecnol\u00f3gico y la alarma \u00e9tica. Para algunos sectores, estas herramientas representan una amenaza a la integridad acad\u00e9mica; para otros, una oportunidad transformadora.<\/p>\n<p style=\"text-align: justify;\">Sin embargo, m\u00e1s all\u00e1 del debate t\u00e9cnico, lo que se evidencia es una crisis estructural en el modelo educativo tradicional, que esperemos se logre adaptar al nuevo paradigma digital en esta nueva gesti\u00f3n.<\/p>\n<p style=\"text-align: justify;\">En este contexto, no se trata de librar una \u201cguerra contra la IA\u201d, sino de repensar el sentido profundo de ense\u00f1ar y aprender en un entorno mediado por tecnolog\u00edas disruptivas.<\/p>\n<p style=\"text-align: justify;\">En las aulas dominicanas, cada vez es m\u00e1s frecuente que los docentes sospechen que los ensayos, tareas o monograf\u00edas han sido generados por IA. No se trata de plagio convencional, sino de una nueva forma de \u201cautomatizaci\u00f3n del cumplimiento\u201d, donde lo importante ya no es el proceso de aprendizaje, sino el producto entregado.<\/p>\n<p style=\"text-align: justify;\">Esta tendencia revela un problema m\u00e1s profundo: el sistema educativo ha priorizado la forma sobre el fondo, la nota sobre la comprensi\u00f3n, el cumplimiento sobre la reflexi\u00f3n.<\/p>\n<p style=\"text-align: justify;\">La IA no ha creado este problema; solo lo ha visibilizado. Mientras los m\u00e9todos de ense\u00f1anza sigan anclados en la repetici\u00f3n, la memorizaci\u00f3n y la copia de informaci\u00f3n, cualquier tecnolog\u00eda que facilite estos procesos ser\u00e1 vista por los estudiantes como una aliada. Lo preocupante no es que la usen, sino que no sepan por qu\u00e9 estudian ni para qu\u00e9 piensan. Esta realidad interpela al docente, pero sobre todo a las pol\u00edticas educativas que contin\u00faan evaluando con criterios del siglo XX en una cultura tecnol\u00f3gica del siglo XXI.<\/p>\n<p style=\"text-align: justify;\">En Rep\u00fablica Dominicana, ya se comienzan a escuchar voces que alertan sobre los peligros del uso indiscriminado de la inteligencia artificial en las aulas. Algunos medios han reportado preocupaciones sobre c\u00f3mo los estudiantes \u201cresuelven todo con ChatGPT\u201d sin desarrollar habilidades reales.<\/p>\n<p style=\"text-align: justify;\">Actores del sistema judicial dominicano han comenzado a alzar la voz sobre la urgencia de regular esta tecnolog\u00eda.<\/p>\n<p style=\"text-align: justify;\">Recientemente, magistrados del Tribunal Constitucional (TC) se\u00f1alaron la necesidad de establecer un marco jur\u00eddico que oriente el uso de la IA en el pa\u00eds, particularmente en lo que respecta a la protecci\u00f3n de los derechos fundamentales.<\/p>\n<p style=\"text-align: justify;\">Enfatizando que el uso de estas herramientas debe promover el desarrollo sin afectar la privacidad, el acceso a la informaci\u00f3n, la salud, ni el derecho a la comunicaci\u00f3n humana.<\/p>\n<blockquote>\n<p style=\"text-align: center;\">Subrayan que \u201cla IA debe utilizarse de manera \u00e9tica, transparente y responsable\u201d, y que deben generarse reflexiones duraderas en espacios educativos sobre derecho y justicia constitucional (Valdez, 2025).<\/p>\n<\/blockquote>\n<p style=\"text-align: justify;\">En este sentido, la regulaci\u00f3n legal de la IA no solo es un tema de ciberseguridad o protecci\u00f3n de datos, sino una cuesti\u00f3n educativa, \u00e9tica y cultural. Si no se legisla de manera preventiva y participativa, el pa\u00eds podr\u00eda replicar el error de legislar desde la urgencia y no desde la comprensi\u00f3n estructural del fen\u00f3meno.<\/p>\n<p style=\"text-align: justify;\">En el \u00e1mbito internacional, se observan respuestas m\u00e1s articuladas. La Uni\u00f3n Europea ha adoptado el AI Act, el primer reglamento integral que categoriza los sistemas de IA por niveles de riesgo y establece obligaciones claras para su desarrollo y uso. En el sector educativo, la UNESCO ha publicado gu\u00edas para el uso \u00e9tico de la IA, proponiendo que su integraci\u00f3n se fundamente en principios como equidad, inclusi\u00f3n, transparencia y supervisi\u00f3n humana informada.<\/p>\n<p style=\"text-align: justify;\">Otros pa\u00edses, como Australia, Canad\u00e1 o Colombia, han comenzado a capacitar a sus docentes no para prohibir la IA, sino para comprenderla y aprovecharla pedag\u00f3gicamente. En esas naciones, se promueve un enfoque que busca que el estudiante no dependa de la IA, pero que sepa usarla para pensar mejor, no para dejar de pensar.Esto exige un cambio profundo en las metodolog\u00edas, en las formas de evaluaci\u00f3n y en la cultura institucional.<\/p>\n<p style=\"text-align: justify;\">Lo que se necesita, entonces, no es una cruzada contra la IA, sino una transformaci\u00f3n del modelo educativo. La escuela dominicana debe dejar de ver la tecnolog\u00eda como enemiga, y empezar a formar ciudadanos digitales capaces de pensar, contrastar, argumentar y decidir en contextos mediados por algoritmos. Esto exige pol\u00edticas p\u00fablicas claras, formaci\u00f3n docente espec\u00edfica y una legislaci\u00f3n que garantice tanto la innovaci\u00f3n como la protecci\u00f3n de derechos.<\/p>\n<p style=\"text-align: justify;\">El uso de IA en educaci\u00f3n puede ser \u00e9tico si se contextualiza, si se explica su prop\u00f3sito, si se integra como herramienta y no como sustituto. Pero para eso, necesitamos docentes con criterio, estudiantes con curiosidad, y un sistema que valore m\u00e1s el proceso que el resultado.<\/p>\n<p style=\"text-align: justify;\">El mayor riesgo de la IA no es que piense por nosotros, sino que nos acostumbremos a no pensar.<\/p>\n<p style=\"text-align: justify;\">En definitiva, la discusi\u00f3n actual no deber\u00eda centrarse en si prohibimos o no la IA, sino en c\u00f3mo redefinimos nuestra manera de educar. El verdadero reto no es la herramienta, sino el sentido que le damos al conocimiento. Como advierten los magistrados del TC, el pa\u00eds necesita una legislaci\u00f3n seria, pero tambi\u00e9n una conversaci\u00f3n profunda en las universidades y las escuelas sobre el rol de la inteligencia humana en la era digital. No estamos ante una guerra contra la IA, sino ante una oportunidad hist\u00f3rica para reformular el pacto educativo en la Rep\u00fablica Dominicana.<\/p>\n<p>Fuente: Jos\u00e9 De La Cruz.<\/p>\n","protected":false},"excerpt":{"rendered":"<p>La irrupci\u00f3n de la inteligencia artificial generativa (IA-G) en los espacios educativos ha provocado reacciones<\/p>\n","protected":false},"author":1,"featured_media":47207,"comment_status":"open","ping_status":"open","sticky":false,"template":"","format":"standard","meta":{"footnotes":""},"categories":[4],"tags":[],"class_list":["post-47206","post","type-post","status-publish","format-standard","has-post-thumbnail","hentry","category-opiniones"],"_links":{"self":[{"href":"https:\/\/defrentealaverdad.com\/index.php\/wp-json\/wp\/v2\/posts\/47206","targetHints":{"allow":["GET"]}}],"collection":[{"href":"https:\/\/defrentealaverdad.com\/index.php\/wp-json\/wp\/v2\/posts"}],"about":[{"href":"https:\/\/defrentealaverdad.com\/index.php\/wp-json\/wp\/v2\/types\/post"}],"author":[{"embeddable":true,"href":"https:\/\/defrentealaverdad.com\/index.php\/wp-json\/wp\/v2\/users\/1"}],"replies":[{"embeddable":true,"href":"https:\/\/defrentealaverdad.com\/index.php\/wp-json\/wp\/v2\/comments?post=47206"}],"version-history":[{"count":1,"href":"https:\/\/defrentealaverdad.com\/index.php\/wp-json\/wp\/v2\/posts\/47206\/revisions"}],"predecessor-version":[{"id":47208,"href":"https:\/\/defrentealaverdad.com\/index.php\/wp-json\/wp\/v2\/posts\/47206\/revisions\/47208"}],"wp:featuredmedia":[{"embeddable":true,"href":"https:\/\/defrentealaverdad.com\/index.php\/wp-json\/wp\/v2\/media\/47207"}],"wp:attachment":[{"href":"https:\/\/defrentealaverdad.com\/index.php\/wp-json\/wp\/v2\/media?parent=47206"}],"wp:term":[{"taxonomy":"category","embeddable":true,"href":"https:\/\/defrentealaverdad.com\/index.php\/wp-json\/wp\/v2\/categories?post=47206"},{"taxonomy":"post_tag","embeddable":true,"href":"https:\/\/defrentealaverdad.com\/index.php\/wp-json\/wp\/v2\/tags?post=47206"}],"curies":[{"name":"wp","href":"https:\/\/api.w.org\/{rel}","templated":true}]}}