{"id":47195,"date":"2025-08-25T21:50:13","date_gmt":"2025-08-25T21:50:13","guid":{"rendered":"https:\/\/defrentealaverdad.com\/?p=47195"},"modified":"2025-08-26T01:55:47","modified_gmt":"2025-08-26T01:55:47","slug":"la-fundacion-fox-farlen-realiza-con-exito-su-campana-utiles-para-todos","status":"publish","type":"post","link":"https:\/\/defrentealaverdad.com\/index.php\/2025\/08\/25\/la-fundacion-fox-farlen-realiza-con-exito-su-campana-utiles-para-todos\/","title":{"rendered":"La Fundaci\u00f3n Fox Farlen realiza con \u00e9xito su campa\u00f1a \u201c\u00datiles para Todos\u201d"},"content":{"rendered":"<p><span style=\"text-align: justify;\">Santo Domingo Norte. \u2013 La Fundaci\u00f3n Fox Farlen llev\u00f3 a cabo con gran \u00e9xito, el pasado s\u00e1bado 23, su tradicional campa\u00f1a \u201c\u00datiles para Todos\u201d, mediante la cual entreg\u00f3 \u00fatiles escolares a decenas de ni\u00f1os de comunidades de escasos recursos en la zona de Las Cayenas 2da., en Punta de Villa Mella.<\/span><\/p>\n<p><img decoding=\"async\" class=\"size-medium wp-image-47198 aligncenter lazyload\" data-src=\"https:\/\/defrentealaverdad.com\/wp-content\/uploads\/2025\/08\/IMG-20250825-WA0126-270x300.jpg\" alt=\"\" width=\"270\" height=\"300\" data-srcset=\"https:\/\/defrentealaverdad.com\/wp-content\/uploads\/2025\/08\/IMG-20250825-WA0126-270x300.jpg 270w, https:\/\/defrentealaverdad.com\/wp-content\/uploads\/2025\/08\/IMG-20250825-WA0126-922x1024.jpg 922w, https:\/\/defrentealaverdad.com\/wp-content\/uploads\/2025\/08\/IMG-20250825-WA0126-768x853.jpg 768w, https:\/\/defrentealaverdad.com\/wp-content\/uploads\/2025\/08\/IMG-20250825-WA0126.jpg 1152w\" data-sizes=\"(max-width: 270px) 100vw, 270px\" src=\"data:image\/svg+xml;base64,PHN2ZyB3aWR0aD0iMSIgaGVpZ2h0PSIxIiB4bWxucz0iaHR0cDovL3d3dy53My5vcmcvMjAwMC9zdmciPjwvc3ZnPg==\" style=\"--smush-placeholder-width: 270px; --smush-placeholder-aspect-ratio: 270\/300;\" \/><\/p>\n<p style=\"text-align: justify;\">Esta iniciativa, que la fundaci\u00f3n desarrolla a\u00f1o tras a\u00f1o, busca apoyar a las familias que no cuentan con los recursos necesarios para cubrir los costos de la educaci\u00f3n b\u00e1sica de sus hijos. En esta ocasi\u00f3n, se entregaron mochilas, cuadernos, l\u00e1pices, borradores, sacapuntas y otros materiales escolares esenciales, con el prop\u00f3sito de que los estudiantes puedan iniciar con \u00e9xito el nuevo a\u00f1o escolar.<\/p>\n<p><img decoding=\"async\" class=\"size-medium wp-image-47196 aligncenter lazyload\" data-src=\"https:\/\/defrentealaverdad.com\/wp-content\/uploads\/2025\/08\/IMG-20250825-WA0124-300x185.jpg\" alt=\"\" width=\"300\" height=\"185\" data-srcset=\"https:\/\/defrentealaverdad.com\/wp-content\/uploads\/2025\/08\/IMG-20250825-WA0124-300x185.jpg 300w, https:\/\/defrentealaverdad.com\/wp-content\/uploads\/2025\/08\/IMG-20250825-WA0124-1024x633.jpg 1024w, https:\/\/defrentealaverdad.com\/wp-content\/uploads\/2025\/08\/IMG-20250825-WA0124-768x475.jpg 768w, https:\/\/defrentealaverdad.com\/wp-content\/uploads\/2025\/08\/IMG-20250825-WA0124.jpg 1280w\" data-sizes=\"(max-width: 300px) 100vw, 300px\" src=\"data:image\/svg+xml;base64,PHN2ZyB3aWR0aD0iMSIgaGVpZ2h0PSIxIiB4bWxucz0iaHR0cDovL3d3dy53My5vcmcvMjAwMC9zdmciPjwvc3ZnPg==\" style=\"--smush-placeholder-width: 300px; --smush-placeholder-aspect-ratio: 300\/185;\" \/><\/p>\n<p style=\"text-align: justify;\">Previo a cada entrega, la Fundaci\u00f3n Fox Farlen realiza un levantamiento en diversos barrios de la zona norte de Villa Mella, con el fin de identificar las familias con mayor necesidad. A partir de esos datos, se organiza una campa\u00f1a de recaudaci\u00f3n en la que participan numerosos colaboradores y aliados solidarios.<\/p>\n<p style=\"text-align: justify;\">Este a\u00f1o, la campa\u00f1a \u201c\u00datiles para Todos\u201d benefici\u00f3 a m\u00e1s de 200 ni\u00f1os de las comunidades de Guaricanos, Nueva Isabela II y Punta de Villa Mella.<\/p>\n<p style=\"text-align: justify;\">El logro de esta jornada fue posible gracias a la colaboraci\u00f3n de personas e instituciones que brindaron su apoyo incondicional. Entre ellos: la Licda. Carmen Melo, Licda. Kenia Familia, Licda. Julia Sanchez, Lic. Khastler Vanssetty Feliz, Lic. Cornelio Gonz\u00e1lez, Licda. Fior Blanco, Dra. Ircania del Consuelo Garc\u00eda Guzm\u00e1n, Licda. Elizabeth P\u00e9rez Garc\u00eda, la periodista Ramy Portoreal, el actor y director de Premios Triunfo Yoel Qui\u00f1onez, Altagracia Contreras, Juan Carlos Savi\u00f1\u00f3n, el Grupo Rivas, Promoci\u00f3n Sleyer, la Fundaci\u00f3n Mejor es Dar, Fundaci\u00f3n JC Inspire Foundation, la empresa Producciones Creativas SyQ, as\u00ed como la Iglesia de Dios Cumpliendo lo Encomendado (IDCE) y sus pastores Yeury Rafael Pi\u00f1a Mota y Mar\u00eda Victoria de la Rosa Rond\u00f3n, quienes abrieron las puertas de su congregaci\u00f3n para apoyar esta noble causa.<\/p>\n<p><img decoding=\"async\" class=\"size-medium wp-image-47199 aligncenter lazyload\" data-src=\"https:\/\/defrentealaverdad.com\/wp-content\/uploads\/2025\/08\/IMG-20250825-WA0123-300x135.jpg\" alt=\"\" width=\"300\" height=\"135\" data-srcset=\"https:\/\/defrentealaverdad.com\/wp-content\/uploads\/2025\/08\/IMG-20250825-WA0123-300x135.jpg 300w, https:\/\/defrentealaverdad.com\/wp-content\/uploads\/2025\/08\/IMG-20250825-WA0123-1024x462.jpg 1024w, https:\/\/defrentealaverdad.com\/wp-content\/uploads\/2025\/08\/IMG-20250825-WA0123-768x346.jpg 768w, https:\/\/defrentealaverdad.com\/wp-content\/uploads\/2025\/08\/IMG-20250825-WA0123.jpg 1156w\" data-sizes=\"(max-width: 300px) 100vw, 300px\" src=\"data:image\/svg+xml;base64,PHN2ZyB3aWR0aD0iMSIgaGVpZ2h0PSIxIiB4bWxucz0iaHR0cDovL3d3dy53My5vcmcvMjAwMC9zdmciPjwvc3ZnPg==\" style=\"--smush-placeholder-width: 300px; --smush-placeholder-aspect-ratio: 300\/135;\" \/><\/p>\n<p style=\"text-align: justify;\">El director y fundador de la Fundaci\u00f3n Fox Farlen, Juan Miguel Matos, expres\u00f3 su agradecimiento:<\/p>\n<blockquote>\n<p style=\"text-align: center;\">\u201cEstamos muy agradecidos de Dios y de todas las manos amigas que siempre dicen presente para apoyar esta labor. Cada aporte es una semilla que contribuye a que nuestros ni\u00f1os puedan tener un futuro mejor\u201d.<\/p>\n<\/blockquote>\n<p>Fuente: Fox Media Group<\/p>\n","protected":false},"excerpt":{"rendered":"<p>Santo Domingo Norte. \u2013 La Fundaci\u00f3n Fox Farlen llev\u00f3 a cabo con gran \u00e9xito, el<\/p>\n","protected":false},"author":4,"featured_media":47197,"comment_status":"open","ping_status":"open","sticky":false,"template":"","format":"standard","meta":{"footnotes":""},"categories":[7],"tags":[],"class_list":["post-47195","post","type-post","status-publish","format-standard","has-post-thumbnail","hentry","category-nacionales"],"_links":{"self":[{"href":"https:\/\/defrentealaverdad.com\/index.php\/wp-json\/wp\/v2\/posts\/47195","targetHints":{"allow":["GET"]}}],"collection":[{"href":"https:\/\/defrentealaverdad.com\/index.php\/wp-json\/wp\/v2\/posts"}],"about":[{"href":"https:\/\/defrentealaverdad.com\/index.php\/wp-json\/wp\/v2\/types\/post"}],"author":[{"embeddable":true,"href":"https:\/\/defrentealaverdad.com\/index.php\/wp-json\/wp\/v2\/users\/4"}],"replies":[{"embeddable":true,"href":"https:\/\/defrentealaverdad.com\/index.php\/wp-json\/wp\/v2\/comments?post=47195"}],"version-history":[{"count":1,"href":"https:\/\/defrentealaverdad.com\/index.php\/wp-json\/wp\/v2\/posts\/47195\/revisions"}],"predecessor-version":[{"id":47200,"href":"https:\/\/defrentealaverdad.com\/index.php\/wp-json\/wp\/v2\/posts\/47195\/revisions\/47200"}],"wp:featuredmedia":[{"embeddable":true,"href":"https:\/\/defrentealaverdad.com\/index.php\/wp-json\/wp\/v2\/media\/47197"}],"wp:attachment":[{"href":"https:\/\/defrentealaverdad.com\/index.php\/wp-json\/wp\/v2\/media?parent=47195"}],"wp:term":[{"taxonomy":"category","embeddable":true,"href":"https:\/\/defrentealaverdad.com\/index.php\/wp-json\/wp\/v2\/categories?post=47195"},{"taxonomy":"post_tag","embeddable":true,"href":"https:\/\/defrentealaverdad.com\/index.php\/wp-json\/wp\/v2\/tags?post=47195"}],"curies":[{"name":"wp","href":"https:\/\/api.w.org\/{rel}","templated":true}]}}