{"id":47191,"date":"2025-08-25T11:43:54","date_gmt":"2025-08-25T11:43:54","guid":{"rendered":"https:\/\/defrentealaverdad.com\/?p=47191"},"modified":"2025-08-26T01:48:32","modified_gmt":"2025-08-26T01:48:32","slug":"de-frente-a-la-verdad-felicita-en-su-cumpleanos-al-mayor-general-celin-rubio-terrero","status":"publish","type":"post","link":"https:\/\/defrentealaverdad.com\/index.php\/2025\/08\/25\/de-frente-a-la-verdad-felicita-en-su-cumpleanos-al-mayor-general-celin-rubio-terrero\/","title":{"rendered":"\u00abDe Frente a la Verdad\u00bb felicita en su cumplea\u00f1os al Mayor General Cel\u00edn Rubio Terrero"},"content":{"rendered":"<p>Por F\u00e9liz Rubio<\/p>\n<p style=\"text-align: justify;\">El medio digital <strong><em>De Frente a la Verdad<\/em><\/strong>, a trav\u00e9s de su director, <strong>F\u00e9lix Rubio<\/strong>, se honra en extender una calurosa felicitaci\u00f3n de cumplea\u00f1os al <strong>Mayor General Cel\u00edn Rubio Terrero, ERD, e<\/strong>n esta fecha tan especial.<\/p>\n<blockquote>\n<p style=\"text-align: center;\">Hoy celebramos no solo un a\u00f1o m\u00e1s de vida, sino tambi\u00e9n el legado de un hombre \u00edntegro, trabajador incansable y ejemplo de superaci\u00f3n para toda la sociedad dominicana.<\/p>\n<\/blockquote>\n<p><strong>Historia de Superaci\u00f3n\u00a0<\/strong><\/p>\n<p style=\"text-align: justify;\">Su historia de vida \u2014desde sus humildes or\u00edgenes en Las Salinas, Barahona, hasta convertirse en una de las figuras m\u00e1s respetadas dentro de las Fuerzas Armadas\u2014 es testimonio del valor del esfuerzo, la disciplina y el compromiso.<\/p>\n<p style=\"text-align: justify;\">En cada etapa de su carrera, el General Rubio Terrero ha demostrado que el liderazgo se forja con hechos, respeto y vocaci\u00f3n de servicio. Su entrega al pa\u00eds, su integridad y su humildad contin\u00faan dejando huellas imborrables en las instituciones que ha dirigido y en las personas que ha impactado con su ejemplo.<\/p>\n<blockquote>\n<p style=\"text-align: center;\">En nombre de este medio y de toda la comunidad que valora su trayectoria, le deseamos un feliz y bendecido cumplea\u00f1os. Que Dios le colme de salud, sabidur\u00eda y paz en esta nueva vuelta al sol. Que le conceda muchos a\u00f1os m\u00e1s para seguir sirviendo con honor y dejando una marca positiva en nuestra naci\u00f3n.<\/p>\n<\/blockquote>\n<p>&nbsp;<\/p>\n<p>Fuente: Redacci\u00f3n General<\/p>\n","protected":false},"excerpt":{"rendered":"<p>Por F\u00e9liz Rubio El medio digital De Frente a la Verdad, a trav\u00e9s de su<\/p>\n","protected":false},"author":1,"featured_media":47193,"comment_status":"open","ping_status":"open","sticky":false,"template":"","format":"standard","meta":{"footnotes":""},"categories":[7],"tags":[],"class_list":["post-47191","post","type-post","status-publish","format-standard","has-post-thumbnail","hentry","category-nacionales"],"_links":{"self":[{"href":"https:\/\/defrentealaverdad.com\/index.php\/wp-json\/wp\/v2\/posts\/47191","targetHints":{"allow":["GET"]}}],"collection":[{"href":"https:\/\/defrentealaverdad.com\/index.php\/wp-json\/wp\/v2\/posts"}],"about":[{"href":"https:\/\/defrentealaverdad.com\/index.php\/wp-json\/wp\/v2\/types\/post"}],"author":[{"embeddable":true,"href":"https:\/\/defrentealaverdad.com\/index.php\/wp-json\/wp\/v2\/users\/1"}],"replies":[{"embeddable":true,"href":"https:\/\/defrentealaverdad.com\/index.php\/wp-json\/wp\/v2\/comments?post=47191"}],"version-history":[{"count":2,"href":"https:\/\/defrentealaverdad.com\/index.php\/wp-json\/wp\/v2\/posts\/47191\/revisions"}],"predecessor-version":[{"id":47194,"href":"https:\/\/defrentealaverdad.com\/index.php\/wp-json\/wp\/v2\/posts\/47191\/revisions\/47194"}],"wp:featuredmedia":[{"embeddable":true,"href":"https:\/\/defrentealaverdad.com\/index.php\/wp-json\/wp\/v2\/media\/47193"}],"wp:attachment":[{"href":"https:\/\/defrentealaverdad.com\/index.php\/wp-json\/wp\/v2\/media?parent=47191"}],"wp:term":[{"taxonomy":"category","embeddable":true,"href":"https:\/\/defrentealaverdad.com\/index.php\/wp-json\/wp\/v2\/categories?post=47191"},{"taxonomy":"post_tag","embeddable":true,"href":"https:\/\/defrentealaverdad.com\/index.php\/wp-json\/wp\/v2\/tags?post=47191"}],"curies":[{"name":"wp","href":"https:\/\/api.w.org\/{rel}","templated":true}]}}