{"id":47188,"date":"2025-08-25T12:33:12","date_gmt":"2025-08-25T12:33:12","guid":{"rendered":"https:\/\/defrentealaverdad.com\/?p=47188"},"modified":"2025-08-26T01:35:56","modified_gmt":"2025-08-26T01:35:56","slug":"pirou-eleva-su-propuesta-artistica-con-cerca-del-sol","status":"publish","type":"post","link":"https:\/\/defrentealaverdad.com\/index.php\/2025\/08\/25\/pirou-eleva-su-propuesta-artistica-con-cerca-del-sol\/","title":{"rendered":"Pirou eleva su propuesta art\u00edstica con Cerca del sol"},"content":{"rendered":"<blockquote>\n<p style=\"text-align: center;\">El sencillo marca una nueva etapa creativa y conecta su m\u00fasica con el cine, proyectando su carrera hacia nuevos escenarios<\/p>\n<\/blockquote>\n<p style=\"text-align: justify;\">Santo Domingo, R.D, agosto 2025. La cantautora dominicana Pirou da un paso firme en su carrera con el lanzamiento de Cerca del sol, un tema que confirma la solidez y evoluci\u00f3n de su propuesta art\u00edstica. La canci\u00f3n, creada junto al productor y compositor Roy Tavar\u00e9, fue seleccionada por la actriz y cineasta Roselyn S\u00e1nchez como pieza final de su pel\u00edcula \u201cDiario, Mujer y Caf\u00e9\u201d.<\/p>\n<p style=\"text-align: justify;\">La premiere del filme se celebr\u00f3 el pasado 14 de agosto en Distrito T-Mobile, San Juan, Puerto Rico, con la asistencia de destacadas personalidades del arte y la m\u00fasica, entre ellas Gilberto Santa Rosa, Ang\u00e9lica Vale y La Burbu. Para Pirou, la experiencia represent\u00f3 un momento especial de conexi\u00f3n con el p\u00fablico internacional:<\/p>\n<blockquote>\n<p style=\"text-align: center;\">\u201cPuerto Rico fue abrazador, sent\u00ed el calor de su gente y me encantar\u00eda desarrollar m\u00e1s mi proyecto en la isla del encanto\u201d, expres\u00f3 la artista.<\/p>\n<\/blockquote>\n<p style=\"text-align: justify;\">Aunque Cerca del sol se convirti\u00f3 en el foco de esta nueva etapa, Pirou tambi\u00e9n ha compartido previamente otros dos sencillos: Pecado y Mi cuerpo arde. Ambas canciones funcionan como cap\u00edtulos que enriquecen su universo creativo, donde m\u00fasica y narrativa visual se complementan con un enfoque cinematogr\u00e1fico. Los videoclips fueron dirigidos por Ambiorix Mart\u00ednez, aportando un lenguaje visual coherente a la propuesta. En la producci\u00f3n musical participaron tambi\u00e9n Rafa Pay\u00e1n y Alex Fuerte, quienes sumaron su experiencia al sonido envolvente del proyecto.<\/p>\n<p style=\"text-align: justify;\">Pirou asegura que este momento es apenas el inicio de un proceso m\u00e1s enriquecido y expansivo en su carrera. Su propuesta, aunque abierta a la experimentaci\u00f3n, mantiene una esencia retro en su sonoridad, con una base en el jazz, R&amp;B y pop. La artista describe su reciente sencillo como pop tropical, Pecado y Mi cuerpo arde revelan una faceta m\u00e1s alternativa y profunda de la misma.<\/p>\n<blockquote>\n<p style=\"text-align: center;\">\u201cMe gusta experimentar y no me cierro a nada. Incluso me atrae mucho la salsa\u201d, comenta Pirou, quien demuestra que su proceso actual refleja su sello de autenticidad dentro de su evoluci\u00f3n y versatilidad.<\/p>\n<\/blockquote>\n<p style=\"text-align: justify;\">Con Cerca del sol y su reciente cat\u00e1logo de lanzamientos, Pirou reafirma su lugar dentro de la nueva m\u00fasica dominicana, apostando por una visi\u00f3n art\u00edstica que busca trascender fronteras y conectar emociones a trav\u00e9s de la fusi\u00f3n entre sonido, imagen y sentimiento.<\/p>\n<p style=\"text-align: justify;\">Los sencillos ya est\u00e1n disponibles en Spotify, Apple Music, YouTube y todas las plataformas digitales. M\u00e1s informaci\u00f3n en redes sociales: @pirouperez<\/p>\n<p>&nbsp;<\/p>\n<p>Fuente: Mariu Medios<\/p>\n","protected":false},"excerpt":{"rendered":"<p>El sencillo marca una nueva etapa creativa y conecta su m\u00fasica con el cine, proyectando<\/p>\n","protected":false},"author":1,"featured_media":47189,"comment_status":"open","ping_status":"open","sticky":false,"template":"","format":"standard","meta":{"footnotes":""},"categories":[249],"tags":[],"class_list":["post-47188","post","type-post","status-publish","format-standard","has-post-thumbnail","hentry","category-farandula"],"_links":{"self":[{"href":"https:\/\/defrentealaverdad.com\/index.php\/wp-json\/wp\/v2\/posts\/47188","targetHints":{"allow":["GET"]}}],"collection":[{"href":"https:\/\/defrentealaverdad.com\/index.php\/wp-json\/wp\/v2\/posts"}],"about":[{"href":"https:\/\/defrentealaverdad.com\/index.php\/wp-json\/wp\/v2\/types\/post"}],"author":[{"embeddable":true,"href":"https:\/\/defrentealaverdad.com\/index.php\/wp-json\/wp\/v2\/users\/1"}],"replies":[{"embeddable":true,"href":"https:\/\/defrentealaverdad.com\/index.php\/wp-json\/wp\/v2\/comments?post=47188"}],"version-history":[{"count":1,"href":"https:\/\/defrentealaverdad.com\/index.php\/wp-json\/wp\/v2\/posts\/47188\/revisions"}],"predecessor-version":[{"id":47190,"href":"https:\/\/defrentealaverdad.com\/index.php\/wp-json\/wp\/v2\/posts\/47188\/revisions\/47190"}],"wp:featuredmedia":[{"embeddable":true,"href":"https:\/\/defrentealaverdad.com\/index.php\/wp-json\/wp\/v2\/media\/47189"}],"wp:attachment":[{"href":"https:\/\/defrentealaverdad.com\/index.php\/wp-json\/wp\/v2\/media?parent=47188"}],"wp:term":[{"taxonomy":"category","embeddable":true,"href":"https:\/\/defrentealaverdad.com\/index.php\/wp-json\/wp\/v2\/categories?post=47188"},{"taxonomy":"post_tag","embeddable":true,"href":"https:\/\/defrentealaverdad.com\/index.php\/wp-json\/wp\/v2\/tags?post=47188"}],"curies":[{"name":"wp","href":"https:\/\/api.w.org\/{rel}","templated":true}]}}