{"id":47158,"date":"2025-08-24T21:05:40","date_gmt":"2025-08-24T21:05:40","guid":{"rendered":"https:\/\/defrentealaverdad.com\/?p=47158"},"modified":"2025-08-25T02:05:53","modified_gmt":"2025-08-25T02:05:53","slug":"edeeste-restablece-servicio-electrico-en-miches-tras-danos-ocasionados-por-manifestaciones-violentas","status":"publish","type":"post","link":"https:\/\/defrentealaverdad.com\/index.php\/2025\/08\/24\/edeeste-restablece-servicio-electrico-en-miches-tras-danos-ocasionados-por-manifestaciones-violentas\/","title":{"rendered":"Edeeste restablece servicio el\u00e9ctrico en Miches tras da\u00f1os ocasionados por manifestaciones violentas"},"content":{"rendered":"<blockquote>\n<p style=\"text-align: center;\">Al momento de las manifestaciones, la empresa se encontraba corrigiendo una aver\u00eda que afectaba la zona desde hac\u00eda una hora antes.<\/p>\n<\/blockquote>\n<p>&nbsp;<\/p>\n<p style=\"text-align: justify;\">Miches, agosto de 2025. La Empresa Distribuidora de Electricidad del Este (Edeeste) inform\u00f3 este domingo que logr\u00f3 restablecer el servicio el\u00e9ctrico en la zona de Magua, en la carretera Miches \u2013 Sabana de la Mar, luego de que fuera interrumpido a causa de manifestaciones violentas que ocasionaron severos da\u00f1os a la infraestructura el\u00e9ctrica.<\/p>\n<p style=\"text-align: justify;\">Durante los disturbios registrados la noche del s\u00e1bado, fueron derribados varios \u00e1rboles no solo impactando negativamente el medioambiente, sino tambi\u00e9n afectando postes el\u00e9ctricos y varios tramos de l\u00edneas de media tensi\u00f3n, dejando sin energ\u00eda a sectores de la comunidad.<\/p>\n<p style=\"text-align: justify;\">Las brigadas t\u00e9cnicas de Edeeste intentaron acceder al \u00e1rea afectada de inmediato para iniciar los trabajos de reparaci\u00f3n, sin embargo, los manifestantes impidieron el ingreso de los equipos, retrasando las labores de restablecimiento del servicio.<\/p>\n<p style=\"text-align: justify;\">En el momento de los hechos, la empresa se encontraba corrigiendo una aver\u00eda puntual en la zona, la cual estaba siendo atendida cuando se produjo la manifestaci\u00f3n<\/p>\n<p style=\"text-align: justify;\">Como resultado de la protesta, fueron afectados aproximadamente\u00a0500 metros de l\u00edneas trif\u00e1sicas, se registraron\u00a09 crucetas rotas\u00a0y varias\u00a0l\u00edneas de tendido fueron derribadas, lo que agrav\u00f3 los da\u00f1os a la red el\u00e9ctrica local.<\/p>\n<p style=\"text-align: justify;\">Edeeste destac\u00f3 que, previo a la manifestaci\u00f3n, ya hace aproximadamente un mes se encontraba interviniendo el \u00e1rea con trabajos de\u00a0poda, mantenimiento preventivo y correctivo, como parte de su compromiso con la mejora continua del servicio en la regi\u00f3n.<\/p>\n<p style=\"text-align: justify;\">La empresa tambi\u00e9n subray\u00f3 que esta zona presenta un\u00a0nivel de p\u00e9rdidas cercano al 80%, debido a una alta proporci\u00f3n de\u00a0usuarios conectados de manera irregular, lo cual representa un desaf\u00edo t\u00e9cnico y operativo para la sostenibilidad del suministro el\u00e9ctrico.<\/p>\n<p style=\"text-align: justify;\">Edeeste reiter\u00f3 su compromiso con la continuidad y calidad del servicio, al tiempo que hizo un llamado a la ciudadan\u00eda a evitar acciones que pongan en riesgo la seguridad de las comunidades, el personal t\u00e9cnico y las infraestructuras del servicio.<\/p>\n<p>&nbsp;<\/p>\n<p>Fuente: Direcci\u00f3n de Comunicaciones EDEESTE<\/p>\n","protected":false},"excerpt":{"rendered":"<p>Al momento de las manifestaciones, la empresa se encontraba corrigiendo una aver\u00eda que afectaba la<\/p>\n","protected":false},"author":1,"featured_media":47159,"comment_status":"open","ping_status":"open","sticky":false,"template":"","format":"standard","meta":{"footnotes":""},"categories":[7],"tags":[],"class_list":["post-47158","post","type-post","status-publish","format-standard","has-post-thumbnail","hentry","category-nacionales"],"_links":{"self":[{"href":"https:\/\/defrentealaverdad.com\/index.php\/wp-json\/wp\/v2\/posts\/47158","targetHints":{"allow":["GET"]}}],"collection":[{"href":"https:\/\/defrentealaverdad.com\/index.php\/wp-json\/wp\/v2\/posts"}],"about":[{"href":"https:\/\/defrentealaverdad.com\/index.php\/wp-json\/wp\/v2\/types\/post"}],"author":[{"embeddable":true,"href":"https:\/\/defrentealaverdad.com\/index.php\/wp-json\/wp\/v2\/users\/1"}],"replies":[{"embeddable":true,"href":"https:\/\/defrentealaverdad.com\/index.php\/wp-json\/wp\/v2\/comments?post=47158"}],"version-history":[{"count":1,"href":"https:\/\/defrentealaverdad.com\/index.php\/wp-json\/wp\/v2\/posts\/47158\/revisions"}],"predecessor-version":[{"id":47160,"href":"https:\/\/defrentealaverdad.com\/index.php\/wp-json\/wp\/v2\/posts\/47158\/revisions\/47160"}],"wp:featuredmedia":[{"embeddable":true,"href":"https:\/\/defrentealaverdad.com\/index.php\/wp-json\/wp\/v2\/media\/47159"}],"wp:attachment":[{"href":"https:\/\/defrentealaverdad.com\/index.php\/wp-json\/wp\/v2\/media?parent=47158"}],"wp:term":[{"taxonomy":"category","embeddable":true,"href":"https:\/\/defrentealaverdad.com\/index.php\/wp-json\/wp\/v2\/categories?post=47158"},{"taxonomy":"post_tag","embeddable":true,"href":"https:\/\/defrentealaverdad.com\/index.php\/wp-json\/wp\/v2\/tags?post=47158"}],"curies":[{"name":"wp","href":"https:\/\/api.w.org\/{rel}","templated":true}]}}