{"id":47130,"date":"2025-08-24T20:05:54","date_gmt":"2025-08-24T20:05:54","guid":{"rendered":"https:\/\/defrentealaverdad.com\/?p=47130"},"modified":"2025-08-25T01:07:24","modified_gmt":"2025-08-25T01:07:24","slug":"nota-luctuosa-fallece-gran-actriz-y-vedette-angelita-curiel-la-mulatona","status":"publish","type":"post","link":"https:\/\/defrentealaverdad.com\/index.php\/2025\/08\/24\/nota-luctuosa-fallece-gran-actriz-y-vedette-angelita-curiel-la-mulatona\/","title":{"rendered":"Nota Luctuosa: Fallece gran actriz y vedette Angelita Curiel \u201cLa Mulatona\u201d"},"content":{"rendered":"<p style=\"text-align: justify;\">Falleci\u00f3 anoche la actriz y humorista Angelita Curiel, mejor conocida en el medio art\u00edstico como \u201cLa Mulatona\u201d. Llevaba unos d\u00edas ingresada en un centro m\u00e9dico debido a quebrantos de salud.<\/p>\n<p style=\"text-align: justify;\">Fue una gran vedette que trabaj\u00f3 en programas de televisi\u00f3n y otros espacios de entretenimiento. Ten\u00eda gran talento para la actuaci\u00f3n.<\/p>\n<p style=\"text-align: justify;\">En principio fue internada en el hospital Dar\u00edo Contreras, pero hizo crisis renal en las \u00faltimas horas, se complic\u00f3 y tuvieron que llevarla a la Plaza de la Salud, donde lamentablemente expir\u00f3.<\/p>\n<p style=\"text-align: justify;\">Al problema renal se fueron a\u00f1adiendo otras complicaciones hasta que perdi\u00f3 el aliento.<\/p>\n<p style=\"text-align: justify;\">A\u00fan no se ha informado de las honras f\u00fanebres que se le rendir\u00e1n.<\/p>\n<p>&nbsp;<\/p>\n<blockquote>\n<p style=\"text-align: center;\">Paz a su alma\ud83d\ude4f<\/p>\n<\/blockquote>\n<p>&nbsp;<\/p>\n<p>Fuente: Informaciones A Nivel<\/p>\n<p>&nbsp;<\/p>\n<p>&nbsp;<\/p>\n<p>&nbsp;<\/p>\n","protected":false},"excerpt":{"rendered":"<p>Falleci\u00f3 anoche la actriz y humorista Angelita Curiel, mejor conocida en el medio art\u00edstico como<\/p>\n","protected":false},"author":1,"featured_media":47131,"comment_status":"open","ping_status":"open","sticky":false,"template":"","format":"standard","meta":{"footnotes":""},"categories":[6],"tags":[],"class_list":["post-47130","post","type-post","status-publish","format-standard","has-post-thumbnail","hentry","category-espectaculos"],"_links":{"self":[{"href":"https:\/\/defrentealaverdad.com\/index.php\/wp-json\/wp\/v2\/posts\/47130","targetHints":{"allow":["GET"]}}],"collection":[{"href":"https:\/\/defrentealaverdad.com\/index.php\/wp-json\/wp\/v2\/posts"}],"about":[{"href":"https:\/\/defrentealaverdad.com\/index.php\/wp-json\/wp\/v2\/types\/post"}],"author":[{"embeddable":true,"href":"https:\/\/defrentealaverdad.com\/index.php\/wp-json\/wp\/v2\/users\/1"}],"replies":[{"embeddable":true,"href":"https:\/\/defrentealaverdad.com\/index.php\/wp-json\/wp\/v2\/comments?post=47130"}],"version-history":[{"count":1,"href":"https:\/\/defrentealaverdad.com\/index.php\/wp-json\/wp\/v2\/posts\/47130\/revisions"}],"predecessor-version":[{"id":47133,"href":"https:\/\/defrentealaverdad.com\/index.php\/wp-json\/wp\/v2\/posts\/47130\/revisions\/47133"}],"wp:featuredmedia":[{"embeddable":true,"href":"https:\/\/defrentealaverdad.com\/index.php\/wp-json\/wp\/v2\/media\/47131"}],"wp:attachment":[{"href":"https:\/\/defrentealaverdad.com\/index.php\/wp-json\/wp\/v2\/media?parent=47130"}],"wp:term":[{"taxonomy":"category","embeddable":true,"href":"https:\/\/defrentealaverdad.com\/index.php\/wp-json\/wp\/v2\/categories?post=47130"},{"taxonomy":"post_tag","embeddable":true,"href":"https:\/\/defrentealaverdad.com\/index.php\/wp-json\/wp\/v2\/tags?post=47130"}],"curies":[{"name":"wp","href":"https:\/\/api.w.org\/{rel}","templated":true}]}}